{"id":13534,"date":"2020-04-08T20:18:16","date_gmt":"2020-04-08T18:18:16","guid":{"rendered":"http:\/\/zskarlino.pl\/?p=13534"},"modified":"2020-04-09T20:28:30","modified_gmt":"2020-04-09T18:28:30","slug":"13534","status":"publish","type":"post","link":"https:\/\/zskarlino.pl\/?p=13534","title":{"rendered":"Z wizyt\u0105"},"content":{"rendered":"\n<figure class=\"wp-block-image\"><img loading=\"lazy\" decoding=\"async\" width=\"768\" height=\"1024\" src=\"http:\/\/zskarlino.pl\/wp-content\/uploads\/2020\/04\/IMG_20200407_110832-1-768x1024.jpg\" alt=\"\" class=\"wp-image-13536\" srcset=\"https:\/\/zskarlino.pl\/wp-content\/uploads\/2020\/04\/IMG_20200407_110832-1-768x1024.jpg 768w, https:\/\/zskarlino.pl\/wp-content\/uploads\/2020\/04\/IMG_20200407_110832-1-225x300.jpg 225w, https:\/\/zskarlino.pl\/wp-content\/uploads\/2020\/04\/IMG_20200407_110832-1.jpg 800w\" sizes=\"auto, (max-width: 768px) 100vw, 768px\" \/><\/figure>\n\n\n\n<p>Drodzy Uczniowie, mimo i\u017c szko\u0142a jest zamkni\u0119ta, Samorz\u0105d  Uczniowski pami\u0119ta\u0142 o Waszych darach dla Schroniska Animals w  Bia\u0142ogardzie. We wtorek 7 kwietnia, z zachowaniem wszelkich \u015brodk\u00f3w  ostro\u017cno\u015bci (koronawirus), zosta\u0142a odwieziona karma oraz koce, kt\u00f3re  zbierali\u015bmy przed zawieszeniem zaj\u0119\u0107. Na pewno jest to kropla w morzu  potrzeb. Mamy nadziej\u0119, \u017ce powt\u00f3rzymy tak\u0105 akcj\u0119. Pami\u0119tajcie, wa\u017cni s\u0105  ludzie, ale jaki by\u0142by \u015bwiat bez zwierz\u0105t?<\/p>\n\n\n\n<p style=\"text-align:right\"><em>Opiekunki Samorz\u0105du Uczniowskiego &#8211; Gra\u017cyna Chwieduk i Emilia Marunowska<\/em><\/p>\n","protected":false},"excerpt":{"rendered":"<p>Drodzy Uczniowie, mimo i\u017c szko\u0142a jest zamkni\u0119ta, Samorz\u0105d Uczniowski pami\u0119ta\u0142 o Waszych darach dla Schroniska Animals w Bia\u0142ogardzie. We wtorek 7 kwietnia, z zachowaniem wszelkich \u015brodk\u00f3w ostro\u017cno\u015bci (koronawirus), zosta\u0142a odwieziona karma oraz koce, kt\u00f3re zbierali\u015bmy przed zawieszeniem zaj\u0119\u0107. Na pewno jest to kropla w morzu potrzeb. Mamy nadziej\u0119, \u017ce powt\u00f3rzymy tak\u0105 akcj\u0119. Pami\u0119tajcie, wa\u017cni s\u0105 &hellip; <\/p>\n<p><a class=\"more-link btn\" href=\"https:\/\/zskarlino.pl\/?p=13534\">Czytaj dalej<\/a><\/p>\n","protected":false},"author":6,"featured_media":13536,"comment_status":"closed","ping_status":"closed","sticky":false,"template":"","format":"standard","meta":{"footnotes":""},"categories":[3],"tags":[],"class_list":["post-13534","post","type-post","status-publish","format-standard","has-post-thumbnail","hentry","category-wydarzenia","item-wrap"],"_links":{"self":[{"href":"https:\/\/zskarlino.pl\/index.php?rest_route=\/wp\/v2\/posts\/13534","targetHints":{"allow":["GET"]}}],"collection":[{"href":"https:\/\/zskarlino.pl\/index.php?rest_route=\/wp\/v2\/posts"}],"about":[{"href":"https:\/\/zskarlino.pl\/index.php?rest_route=\/wp\/v2\/types\/post"}],"author":[{"embeddable":true,"href":"https:\/\/zskarlino.pl\/index.php?rest_route=\/wp\/v2\/users\/6"}],"replies":[{"embeddable":true,"href":"https:\/\/zskarlino.pl\/index.php?rest_route=%2Fwp%2Fv2%2Fcomments&post=13534"}],"version-history":[{"count":3,"href":"https:\/\/zskarlino.pl\/index.php?rest_route=\/wp\/v2\/posts\/13534\/revisions"}],"predecessor-version":[{"id":13539,"href":"https:\/\/zskarlino.pl\/index.php?rest_route=\/wp\/v2\/posts\/13534\/revisions\/13539"}],"wp:featuredmedia":[{"embeddable":true,"href":"https:\/\/zskarlino.pl\/index.php?rest_route=\/wp\/v2\/media\/13536"}],"wp:attachment":[{"href":"https:\/\/zskarlino.pl\/index.php?rest_route=%2Fwp%2Fv2%2Fmedia&parent=13534"}],"wp:term":[{"taxonomy":"category","embeddable":true,"href":"https:\/\/zskarlino.pl\/index.php?rest_route=%2Fwp%2Fv2%2Fcategories&post=13534"},{"taxonomy":"post_tag","embeddable":true,"href":"https:\/\/zskarlino.pl\/index.php?rest_route=%2Fwp%2Fv2%2Ftags&post=13534"}],"curies":[{"name":"wp","href":"https:\/\/api.w.org\/{rel}","templated":true}]}}