{"id":1311,"date":"2014-10-01T21:00:43","date_gmt":"2014-10-01T19:00:43","guid":{"rendered":"http:\/\/zskarlino.pl\/?p=1311"},"modified":"2014-10-01T21:01:37","modified_gmt":"2014-10-01T19:01:37","slug":"europejski-tydzien-malych-i-srednich-przedsiebiorstw-swietujemy","status":"publish","type":"post","link":"https:\/\/zskarlino.pl\/?p=1311","title":{"rendered":"Europejski Tydzie\u0144 Ma\u0142ych i \u015arednich Przedsi\u0119biorstw \u015awi\u0119tujemy"},"content":{"rendered":"<p>W ramach Europejskiego Tygodnia Ma\u0142ych \u015arednich Przedsi\u0119biorstw uczniowie klasy I ZSZ oraz gimnazjali\u015bci, kt\u00f3rzy zamierzaj\u0105 kontynuowa\u0107 nauk\u0119 w zasadniczej szkole zawodowej oraz technikum, uczestniczyli 1 pa\u017adziernika 2014 r. pod opiek\u0105 p. Adriany Kaszuby, nauczycielki j\u0119zyka polskiego i doradczyni zawodowej, oraz p. Magdaleny Mali\u0144skiej, pedagog szkolnej, w obchodach Europejskiego Tygodnia Ma\u0142ych i \u015arednich Przedsi\u0119biorstw w Bia\u0142ogardzie w ramach w Dni Otwartych Inkubatora Technologicznego.<br \/>\nByli\u015bmy uczestnikami prezentacji \u201eModel Wsparcia przedsi\u0119biorczo\u015bci\u201d i kierunki jego rozwoju, zwiedzili\u015bmy Inkubator Technologiczny i przedsi\u0119biorstwa w nim funkcjonuj\u0105ce: angielsk\u0105 sp\u00f3\u0142k\u0119 \u201eValassis\u201d, niemieck\u0105 sp\u00f3\u0142k\u0119 \u201eKabel Technik Polska\u201d oraz \u201eCentrum Malowania Proszkowego\u201d.<br \/>\nZwie\u0144czeniem naszego spotkania z r\u00f3\u017cnymi aspektami \u017cycia gospodarczego by\u0142 pobyt na strzelnicy.<br \/>\nMieli\u015bmy okazj\u0119 zdoby\u0107 cenne informacje nt. wsparcia oferowanego przedsi\u0119biorcom na szczeblu krajowym, regionalnym i lokalnym, oraz w sprawie promowania przedsi\u0119biorczo\u015bci. Jako uczniowie zawodu, niebawem pracownicy, zdobyli\u015bmy cenn\u0105 wiedz\u0119, kt\u00f3r\u0105 wykorzystamy planuj\u0105c swoje \u017cycie zawodowe.<br \/>\nJu\u017c niebawem, troszcz\u0105c si\u0119 o sw\u00f3j rozw\u00f3j zawodowy, bo oko\u0142o 20 pa\u017adziernika, wybieramy si\u0119 z p. A. Kaszub\u0105 do Centrum Planowania Kariery Zawodowej w Koszalinie, aby uczestniczy\u0107 w Og\u00f3lnopolskim Tygodniu Kariery, kt\u00f3remu przy\u015bwieca w tym roku has\u0142o : Jak zaprzyja\u017ani\u0107 si\u0119 z rynkiem pracy?<\/p>\n<p>Adriana Kaszuba<\/p>\n","protected":false},"excerpt":{"rendered":"<p>W ramach Europejskiego Tygodnia Ma\u0142ych \u015arednich Przedsi\u0119biorstw uczniowie klasy I ZSZ oraz gimnazjali\u015bci, kt\u00f3rzy zamierzaj\u0105 kontynuowa\u0107 nauk\u0119 w zasadniczej szkole zawodowej oraz technikum, uczestniczyli 1 pa\u017adziernika 2014 r. pod opiek\u0105 p. Adriany Kaszuby, nauczycielki j\u0119zyka polskiego i doradczyni zawodowej, oraz p. Magdaleny Mali\u0144skiej, pedagog szkolnej, w obchodach Europejskiego Tygodnia Ma\u0142ych i \u015arednich Przedsi\u0119biorstw w Bia\u0142ogardzie &hellip; <\/p>\n<p><a class=\"more-link btn\" href=\"https:\/\/zskarlino.pl\/?p=1311\">Czytaj dalej<\/a><\/p>\n","protected":false},"author":4,"featured_media":0,"comment_status":"closed","ping_status":"closed","sticky":false,"template":"","format":"standard","meta":{"footnotes":""},"categories":[3],"tags":[],"class_list":["post-1311","post","type-post","status-publish","format-standard","hentry","category-wydarzenia","item-wrap"],"_links":{"self":[{"href":"https:\/\/zskarlino.pl\/index.php?rest_route=\/wp\/v2\/posts\/1311","targetHints":{"allow":["GET"]}}],"collection":[{"href":"https:\/\/zskarlino.pl\/index.php?rest_route=\/wp\/v2\/posts"}],"about":[{"href":"https:\/\/zskarlino.pl\/index.php?rest_route=\/wp\/v2\/types\/post"}],"author":[{"embeddable":true,"href":"https:\/\/zskarlino.pl\/index.php?rest_route=\/wp\/v2\/users\/4"}],"replies":[{"embeddable":true,"href":"https:\/\/zskarlino.pl\/index.php?rest_route=%2Fwp%2Fv2%2Fcomments&post=1311"}],"version-history":[{"count":1,"href":"https:\/\/zskarlino.pl\/index.php?rest_route=\/wp\/v2\/posts\/1311\/revisions"}],"predecessor-version":[{"id":1312,"href":"https:\/\/zskarlino.pl\/index.php?rest_route=\/wp\/v2\/posts\/1311\/revisions\/1312"}],"wp:attachment":[{"href":"https:\/\/zskarlino.pl\/index.php?rest_route=%2Fwp%2Fv2%2Fmedia&parent=1311"}],"wp:term":[{"taxonomy":"category","embeddable":true,"href":"https:\/\/zskarlino.pl\/index.php?rest_route=%2Fwp%2Fv2%2Fcategories&post=1311"},{"taxonomy":"post_tag","embeddable":true,"href":"https:\/\/zskarlino.pl\/index.php?rest_route=%2Fwp%2Fv2%2Ftags&post=1311"}],"curies":[{"name":"wp","href":"https:\/\/api.w.org\/{rel}","templated":true}]}}