{"id":12856,"date":"2020-03-30T21:35:49","date_gmt":"2020-03-30T19:35:49","guid":{"rendered":"http:\/\/zskarlino.pl\/?p=12856"},"modified":"2020-03-30T21:35:50","modified_gmt":"2020-03-30T19:35:50","slug":"informacja-dla-sluchaczy-liceum-dla-doroslych-w-karlinie-2","status":"publish","type":"post","link":"https:\/\/zskarlino.pl\/?p=12856","title":{"rendered":"Informacja dla S\u0142uchaczy Liceum dla Doros\u0142ych w Karlinie"},"content":{"rendered":"\n<p>W zwi\u0105zku z ograniczeniem funkcjonowania szko\u0142y oraz\nprzej\u015bciem na kszta\u0142cenie z wykorzystaniem narz\u0119dzi do nauki zdalnej uprzejmie\ninformuj\u0119, \u017ce zaplanowane na najbli\u017cszy zjazd (3 \u2013 4 kwietnia) egzaminy zostaj\u0105\nprzeniesione na 17 \u2013 18 kwietnia. Prosz\u0119 analizowa\u0107 przesy\u0142ane przez\nnauczycieli materia\u0142y i na bie\u017c\u0105co wykonywa\u0107 zalecane prace. W zwi\u0105zku z\nrozwa\u017caniem r\u00f3\u017cnych wariant\u00f3w, w tym egzamin\u00f3w za pomoc\u0105 narz\u0119dzi do\nkszta\u0142cenia na odleg\u0142o\u015b\u0107 wdra\u017camy us\u0142ug\u0119 Microsoft Teams, z kt\u00f3rej r\u00f3wnie\u017c\nPa\u0144stwo b\u0119dziecie mogli skorzysta\u0107. O szczeg\u00f3\u0142ach b\u0119dziemy Pa\u0144stwa informowa\u0107. <\/p>\n\n\n\n<p>Wkr\u00f3tce przedstawi\u0119 Pa\u0144stwu informacj\u0119 na temat sposobu\nzorganizowania sesji egzaminacyjnej w bie\u017c\u0105cym semestrze. Zako\u0144czenie zaj\u0119\u0107\ndydaktycznych dla Pa\u0144stwa semestru nie ulegnie zmianie i odb\u0119dzie 26 kwietnia\n2020.<\/p>\n\n\n\n<p>Postaramy si\u0119 znale\u017a\u0107 najlepsze i najwygodniejsze dla\nPa\u0144stwa rozwi\u0105zania.&nbsp; <\/p>\n\n\n\n<p>Je\u017celi chodzi o egzamin maturalny, to prosz\u0119 na bie\u017c\u0105co\n\u015bledzi\u0107 nasz\u0105 stron\u0119 internetow\u0105, gdzie publikujemy oficjalne stanowiska MEN i\nCKE. Nie ma na razie decyzji odno\u015bnie zmiany zasad zdawania lub&nbsp; przesuni\u0119cia terminu. Zach\u0119cam do skorzystania\nz formy \u0107wiczeniowej zaproponowanej przez MEN i CKE \u2013 matury pr\u00f3bnej, kt\u00f3ra\nb\u0119dzie mia\u0142a miejsce w bie\u017c\u0105cym tygodniu. <\/p>\n\n\n\n<p>W razie Pa\u0144stwa pyta\u0144 lub w\u0105tpliwo\u015bci, jeste\u015bmy do Pa\u0144stwa\ndyspozycji.<\/p>\n\n\n\n<p style=\"text-align:right\">pozdrawiam <br>Justyna Syga <br>Dyrektor Zespo\u0142u Szk\u00f3\u0142 w Karlinie <\/p>\n","protected":false},"excerpt":{"rendered":"<p>W zwi\u0105zku z ograniczeniem funkcjonowania szko\u0142y oraz przej\u015bciem na kszta\u0142cenie z wykorzystaniem narz\u0119dzi do nauki zdalnej uprzejmie informuj\u0119, \u017ce zaplanowane na najbli\u017cszy zjazd (3 \u2013 4 kwietnia) egzaminy zostaj\u0105 przeniesione na 17 \u2013 18 kwietnia. Prosz\u0119 analizowa\u0107 przesy\u0142ane przez nauczycieli materia\u0142y i na bie\u017c\u0105co wykonywa\u0107 zalecane prace. W zwi\u0105zku z rozwa\u017caniem r\u00f3\u017cnych wariant\u00f3w, w tym &hellip; <\/p>\n<p><a class=\"more-link btn\" href=\"https:\/\/zskarlino.pl\/?p=12856\">Czytaj dalej<\/a><\/p>\n","protected":false},"author":8,"featured_media":0,"comment_status":"closed","ping_status":"closed","sticky":false,"template":"","format":"standard","meta":{"footnotes":""},"categories":[3],"tags":[],"class_list":["post-12856","post","type-post","status-publish","format-standard","hentry","category-wydarzenia","item-wrap"],"_links":{"self":[{"href":"https:\/\/zskarlino.pl\/index.php?rest_route=\/wp\/v2\/posts\/12856","targetHints":{"allow":["GET"]}}],"collection":[{"href":"https:\/\/zskarlino.pl\/index.php?rest_route=\/wp\/v2\/posts"}],"about":[{"href":"https:\/\/zskarlino.pl\/index.php?rest_route=\/wp\/v2\/types\/post"}],"author":[{"embeddable":true,"href":"https:\/\/zskarlino.pl\/index.php?rest_route=\/wp\/v2\/users\/8"}],"replies":[{"embeddable":true,"href":"https:\/\/zskarlino.pl\/index.php?rest_route=%2Fwp%2Fv2%2Fcomments&post=12856"}],"version-history":[{"count":1,"href":"https:\/\/zskarlino.pl\/index.php?rest_route=\/wp\/v2\/posts\/12856\/revisions"}],"predecessor-version":[{"id":12857,"href":"https:\/\/zskarlino.pl\/index.php?rest_route=\/wp\/v2\/posts\/12856\/revisions\/12857"}],"wp:attachment":[{"href":"https:\/\/zskarlino.pl\/index.php?rest_route=%2Fwp%2Fv2%2Fmedia&parent=12856"}],"wp:term":[{"taxonomy":"category","embeddable":true,"href":"https:\/\/zskarlino.pl\/index.php?rest_route=%2Fwp%2Fv2%2Fcategories&post=12856"},{"taxonomy":"post_tag","embeddable":true,"href":"https:\/\/zskarlino.pl\/index.php?rest_route=%2Fwp%2Fv2%2Ftags&post=12856"}],"curies":[{"name":"wp","href":"https:\/\/api.w.org\/{rel}","templated":true}]}}