{"id":1281,"date":"2014-09-24T17:35:38","date_gmt":"2014-09-24T15:35:38","guid":{"rendered":"http:\/\/zskarlino.pl\/?p=1281"},"modified":"2014-09-24T18:05:04","modified_gmt":"2014-09-24T16:05:04","slug":"mlodziez-z-zespolu-szkol-na-diecezjalnym-spotkaniu-mlodziezy","status":"publish","type":"post","link":"https:\/\/zskarlino.pl\/?p=1281","title":{"rendered":"M\u0142odzie\u017c z Zespo\u0142u Szk\u00f3\u0142 na Diecezjalnym Spotkaniu M\u0142odzie\u017cy"},"content":{"rendered":"<p>Ostatnia sobota by\u0142a dla m\u0142odych z naszej szko\u0142y czasem szczeg\u00f3lnym. Grupa kilkudziesi\u0119ciu os\u00f3b pod opiek\u0105 <strong>p<\/strong>. Marzeny Czarnas i ks. Rados\u0142awa Wyst\u0119pskiego wzi\u0119\u0142a udzia\u0142 w Diecezjalnym Spotkaniu M\u0142odzie\u017cy. Czas szczeg\u00f3lny, w kt\u00f3rym ka\u017cdy m\u00f3g\u0142 prze\u017cy\u0107 niezapomniane uniesienia i moc wzrusze\u0144. Udzia\u0142 w takim spotkaniu nie ma sobie r\u00f3wnych i ka\u017cdemu szczerze polecamy.<\/p>\n<p>Ju\u017c dzi\u015b planujemy kolejny wyjazd&#8230;<\/p>\n<p>&nbsp;<\/p>\n<div class='fotorama--wp' data-ids='1282,1283,1284,1285,1286,1287,1288,1289'data-link='file'data-itemtag='dl'data-icontag='dt'data-captiontag='dd'data-columns='0'data-size='large'data-width='750'data-auto='false'data-max-width='100%'data-ratio='1.3321492007105'>\n\t\t<style type=\"text\/css\">\n\t\t\t#gallery-1 {\n\t\t\t\tmargin: auto;\n\t\t\t}\n\t\t\t#gallery-1 .gallery-item {\n\t\t\t\tfloat: left;\n\t\t\t\tmargin-top: 10px;\n\t\t\t\ttext-align: center;\n\t\t\t\twidth: 100%;\n\t\t\t}\n\t\t\t#gallery-1 img {\n\t\t\t\tborder: 2px solid #cfcfcf;\n\t\t\t}\n\t\t\t#gallery-1 .gallery-caption {\n\t\t\t\tmargin-left: 0;\n\t\t\t}\n\t\t\t\/* see gallery_shortcode() in wp-includes\/media.php *\/\n\t\t<\/style>\n\t\t<div id='gallery-1' class='gallery galleryid-1281 gallery-columns-0 gallery-size-thumbnail'><dl class='gallery-item'>\n\t\t\t<dt class='gallery-icon landscape'>\n\t\t\t\t<a href='https:\/\/zskarlino.pl\/wp-content\/uploads\/2014\/09\/P9200009-1024x768.jpg' data-full='https:\/\/zskarlino.pl\/wp-content\/uploads\/2014\/09\/P9200009-e1415479523137.jpg' rel=\"lightbox[1281]\"><img loading=\"lazy\" decoding=\"async\" width=\"150\" height=\"150\" src=\"https:\/\/zskarlino.pl\/wp-content\/uploads\/2014\/09\/P9200009-150x150.jpg\" class=\"attachment-thumbnail size-thumbnail\" alt=\"\" \/><\/a>\n\t\t\t<\/dt><\/dl>\n\t\t<\/div>\n<\/div>\n","protected":false},"excerpt":{"rendered":"<p>Ostatnia sobota by\u0142a dla m\u0142odych z naszej szko\u0142y czasem szczeg\u00f3lnym. Grupa kilkudziesi\u0119ciu os\u00f3b pod opiek\u0105 p. Marzeny Czarnas i ks. Rados\u0142awa Wyst\u0119pskiego wzi\u0119\u0142a udzia\u0142 w Diecezjalnym Spotkaniu M\u0142odzie\u017cy. Czas szczeg\u00f3lny, w kt\u00f3rym ka\u017cdy m\u00f3g\u0142 prze\u017cy\u0107 niezapomniane uniesienia i moc wzrusze\u0144. Udzia\u0142 w takim spotkaniu nie ma sobie r\u00f3wnych i ka\u017cdemu szczerze polecamy. Ju\u017c dzi\u015b planujemy &hellip; <\/p>\n<p><a class=\"more-link btn\" href=\"https:\/\/zskarlino.pl\/?p=1281\">Czytaj dalej<\/a><\/p>\n","protected":false},"author":6,"featured_media":0,"comment_status":"closed","ping_status":"closed","sticky":false,"template":"","format":"standard","meta":{"footnotes":""},"categories":[3],"tags":[],"class_list":["post-1281","post","type-post","status-publish","format-standard","hentry","category-wydarzenia","item-wrap"],"_links":{"self":[{"href":"https:\/\/zskarlino.pl\/index.php?rest_route=\/wp\/v2\/posts\/1281","targetHints":{"allow":["GET"]}}],"collection":[{"href":"https:\/\/zskarlino.pl\/index.php?rest_route=\/wp\/v2\/posts"}],"about":[{"href":"https:\/\/zskarlino.pl\/index.php?rest_route=\/wp\/v2\/types\/post"}],"author":[{"embeddable":true,"href":"https:\/\/zskarlino.pl\/index.php?rest_route=\/wp\/v2\/users\/6"}],"replies":[{"embeddable":true,"href":"https:\/\/zskarlino.pl\/index.php?rest_route=%2Fwp%2Fv2%2Fcomments&post=1281"}],"version-history":[{"count":1,"href":"https:\/\/zskarlino.pl\/index.php?rest_route=\/wp\/v2\/posts\/1281\/revisions"}],"predecessor-version":[{"id":1290,"href":"https:\/\/zskarlino.pl\/index.php?rest_route=\/wp\/v2\/posts\/1281\/revisions\/1290"}],"wp:attachment":[{"href":"https:\/\/zskarlino.pl\/index.php?rest_route=%2Fwp%2Fv2%2Fmedia&parent=1281"}],"wp:term":[{"taxonomy":"category","embeddable":true,"href":"https:\/\/zskarlino.pl\/index.php?rest_route=%2Fwp%2Fv2%2Fcategories&post=1281"},{"taxonomy":"post_tag","embeddable":true,"href":"https:\/\/zskarlino.pl\/index.php?rest_route=%2Fwp%2Fv2%2Ftags&post=1281"}],"curies":[{"name":"wp","href":"https:\/\/api.w.org\/{rel}","templated":true}]}}