{"id":12501,"date":"2020-03-26T10:31:51","date_gmt":"2020-03-26T09:31:51","guid":{"rendered":"http:\/\/zskarlino.pl\/?p=12501"},"modified":"2020-03-26T15:18:19","modified_gmt":"2020-03-26T14:18:19","slug":"informacja-dyrektora-poradni-psychologiczno-pedagogicznej-w-bialogardzie","status":"publish","type":"post","link":"https:\/\/zskarlino.pl\/?p=12501","title":{"rendered":"Informacja Dyrektora Poradni Psychologiczno-Pedagogicznej w Bia\u0142ogardzie"},"content":{"rendered":"\n<p>W\nokresie zawieszenia zaj\u0119\u0107 w Poradni Psychologiczno-Pedagogicznej w Bia\u0142ogardzie\nze wzgl\u0119du na stan zagro\u017cenia epidemicznego zapraszamy Pa\u0144stwa do korzystania z\npomocy Poradni udzielanej w r\u00f3\u017cnych formach pracy zdalnej.<\/p>\n\n\n\n<p>Z\nnaszymi psychologami, pedagogami i logopedami mo\u017cecie Pa\u0144stwo kontaktowa\u0107 si\u0119\nza pomoc\u0105 poczty elektronicznej. T\u0105 drog\u0105 mo\u017cna kontynuowa\u0107 ju\u017c prowadzone\nwcze\u015bniej sprawy, jak i zg\u0142asza\u0107 si\u0119 po raz pierwszy, by uzyska\u0107 informacje i\nporady oraz wsparcie specjalist\u00f3w.<\/p>\n\n\n\n<p>Ponadto\nka\u017cdego dnia w poradni zorganizowany jest dy\u017cur telefoniczny, podczas kt\u00f3rego\nmo\u017cna uzyska\u0107 wsparcie w ramach interwencji kryzysowej, a tak\u017ce innego rodzaju\nporady i informacje oraz om\u00f3wi\u0107 wyniki przeprowadzonej diagnozy i uzyska\u0107 pomoc\nw z\u0142o\u017ceniu wniosku o wydanie opinii lub orzeczenia.<\/p>\n\n\n\n<p>Ponadto\nna stronie internetowej PP-P w Bia\u0142ogardzie www.powiat- bialogard.pl, Poradnia\nPsychologiczno-Pedagogiczna w Bia\u0142ogardzie zamieszcza\u0107 b\u0119dzie materia\u0142y do\nwykorzystania w trakcie pracy z dzie\u0107mi w domu.<\/p>\n\n\n\n<p style=\"text-align:right\">Z\npowa\u017caniem&nbsp;<br>\nDyrektor Poradni Psychologiczno-Pedagogicznej w Bia\u0142ogardzie<br>\nBo\u017cena Panto\u0142<\/p>\n\n\n\n<p>Zalecany kontakt z Poradni\u0105 za pomoc\u0105 poczty elektronicznej: pppbialogard@poczta.onet.pl   <\/p>\n\n\n\n<p>Wi\u0119cej informacji na stronie Poradni<\/p>\n\n\n\n<p><a href=\"http:\/\/www.ppp.powiat-bialogard.pl\/\" target=\"_blank\" rel=\"noopener\">http:\/\/www.ppp.powiat-bialogard.pl\/<\/a><\/p>\n","protected":false},"excerpt":{"rendered":"<p>W okresie zawieszenia zaj\u0119\u0107 w Poradni Psychologiczno-Pedagogicznej w Bia\u0142ogardzie ze wzgl\u0119du na stan zagro\u017cenia epidemicznego zapraszamy Pa\u0144stwa do korzystania z pomocy Poradni udzielanej w r\u00f3\u017cnych formach pracy zdalnej. Z naszymi psychologami, pedagogami i logopedami mo\u017cecie Pa\u0144stwo kontaktowa\u0107 si\u0119 za pomoc\u0105 poczty elektronicznej. T\u0105 drog\u0105 mo\u017cna kontynuowa\u0107 ju\u017c prowadzone wcze\u015bniej sprawy, jak i zg\u0142asza\u0107 si\u0119 po &hellip; <\/p>\n<p><a class=\"more-link btn\" href=\"https:\/\/zskarlino.pl\/?p=12501\">Czytaj dalej<\/a><\/p>\n","protected":false},"author":8,"featured_media":0,"comment_status":"closed","ping_status":"closed","sticky":false,"template":"","format":"standard","meta":{"footnotes":""},"categories":[3],"tags":[],"class_list":["post-12501","post","type-post","status-publish","format-standard","hentry","category-wydarzenia","item-wrap"],"_links":{"self":[{"href":"https:\/\/zskarlino.pl\/index.php?rest_route=\/wp\/v2\/posts\/12501","targetHints":{"allow":["GET"]}}],"collection":[{"href":"https:\/\/zskarlino.pl\/index.php?rest_route=\/wp\/v2\/posts"}],"about":[{"href":"https:\/\/zskarlino.pl\/index.php?rest_route=\/wp\/v2\/types\/post"}],"author":[{"embeddable":true,"href":"https:\/\/zskarlino.pl\/index.php?rest_route=\/wp\/v2\/users\/8"}],"replies":[{"embeddable":true,"href":"https:\/\/zskarlino.pl\/index.php?rest_route=%2Fwp%2Fv2%2Fcomments&post=12501"}],"version-history":[{"count":3,"href":"https:\/\/zskarlino.pl\/index.php?rest_route=\/wp\/v2\/posts\/12501\/revisions"}],"predecessor-version":[{"id":12626,"href":"https:\/\/zskarlino.pl\/index.php?rest_route=\/wp\/v2\/posts\/12501\/revisions\/12626"}],"wp:attachment":[{"href":"https:\/\/zskarlino.pl\/index.php?rest_route=%2Fwp%2Fv2%2Fmedia&parent=12501"}],"wp:term":[{"taxonomy":"category","embeddable":true,"href":"https:\/\/zskarlino.pl\/index.php?rest_route=%2Fwp%2Fv2%2Fcategories&post=12501"},{"taxonomy":"post_tag","embeddable":true,"href":"https:\/\/zskarlino.pl\/index.php?rest_route=%2Fwp%2Fv2%2Ftags&post=12501"}],"curies":[{"name":"wp","href":"https:\/\/api.w.org\/{rel}","templated":true}]}}