{"id":12435,"date":"2020-03-24T23:06:23","date_gmt":"2020-03-24T22:06:23","guid":{"rendered":"http:\/\/zskarlino.pl\/?p=12435"},"modified":"2020-03-26T18:19:09","modified_gmt":"2020-03-26T17:19:09","slug":"informacja-dotyczaca-organizacji-ksztalcenia-na-odleglosc-w-zs-w-karlinie","status":"publish","type":"post","link":"https:\/\/zskarlino.pl\/?p=12435","title":{"rendered":"Informacja dotycz\u0105ca organizacji kszta\u0142cenia na odleg\u0142o\u015b\u0107 w ZS w Karlinie"},"content":{"rendered":"\n<p><\/p>\n\n\n\n<p><strong>Drodzy\nRodzice i Uczniowie,<\/strong><\/p>\n\n\n\n<p>Od \u015brody 25 marca 2020 r. rozpoczynamy kszta\u0142cenie na odleg\u0142o\u015b\u0107. Przez ostatnie dni testowali\u015bmy r\u00f3\u017cne mo\u017cliwo\u015bci i uczyli\u015bmy si\u0119 nowych umiej\u0119tno\u015bci w oparciu o dost\u0119pne nowoczesne technologie, aby m\u00f3c je skutecznie wdro\u017cy\u0107. <\/p>\n\n\n\n<p>Zasady organizacji kszta\u0142cenia na odleg\u0142o\u015b\u0107, w tym sposobu i trybu realizacji zada\u0144 szko\u0142y, monitorowania przyrostu wiedzy, oceniania, informowania rodzic\u00f3w i uczni\u00f3w oraz dokumentowania dzia\u0142a\u0144 szko\u0142y zawarte s\u0105 w za\u0142\u0105czniku do Zarz\u0105dzenia nr 5\/2019\/2020 Dyrektora Zespo\u0142u Szk\u00f3\u0142 w Karlinie, kt\u00f3re otrzymali\u015bcie Pa\u0144stwo na Wasze skrzynki w dzienniku elektronicznym oraz zosta\u0142a udost\u0119pniona na naszej stronie internetowej w zak\u0142adce &#8222;Nasza Szko\u0142a \/ Dokumenty&#8221;.<\/p>\n\n\n\n<p>Liczymy na Pa\u0144stwa\nwsparcie i wyrozumia\u0142o\u015b\u0107. Prosimy o wszelkie sygna\u0142y mog\u0105ce usprawni\u0107 nasz\u0105\nprac\u0119. Prosz\u0119 pami\u0119ta\u0107, \u017ce przy\u015bwieca nam troska o naszych Uczni\u00f3w, bez kt\u00f3rych\nfizycznej obecno\u015bci szko\u0142a jest przera\u017aliwie pusta, a nasza praca nabiera\nzupe\u0142nie innego wymiaru. Prosimy, aby mie\u0107 piecz\u0119 nad bezpiecze\u0144stwem m\u0142odzie\u017cy\nw sieci, a my ze swojej strony zapewniamy, \u017ce materia\u0142y przygotowywane przez\nnauczycieli maksymalnie w 30% zak\u0142adaj\u0105 prac\u0119 przed monitorem (oczywi\u015bcie nie\ndotyczy niekt\u00f3rych przedmiot\u00f3w zawodowych). <\/p>\n\n\n\n<p>Drodzy Uczniowie, cieszymy si\u0119, \u017ce pozostajecie z nami w sta\u0142ym kontakcie i dzielnie wykonujecie zadania, <br>z kt\u00f3rymi o wiele ci\u0119\u017cej si\u0119 zmierzy\u0107 ni\u017c podczas tradycyjnych zaj\u0119\u0107 z nauczycielem. Jeste\u015bmy z Was dumni, \u017ce mimo wielu przeciwno\u015bci staracie si\u0119 odnale\u017a\u0107 namiastki normalno\u015bci i wci\u0105\u017c liczymy na Wasz\u0105 determinacj\u0119 w pog\u0142\u0119bianiu wiedzy. Jeste\u015bmy tutaj dla Was i \u015bmia\u0142o wykorzystujcie wszelkie dost\u0119pne formy kontaktu. Pami\u0119tajcie, \u017ce zdalne uczenie si\u0119 to jest Wasze prawo, ale te\u017c obowi\u0105zek, a podej\u015bcie lekcewa\u017c\u0105ce mo\u017ce doprowadzi\u0107 do problem\u00f3w z klasyfikacj\u0105.<\/p>\n\n\n\n<p>Uczniowie klas I BSI, od poniedzia\u0142ku ruszamy z kursami zawodowymi! Te\u017c w formie zdalnej, nie zapomnijcie powiadomi\u0107 o tym Waszych pracodawc\u00f3w. Na Wasze adresy mailowe b\u0119dziecie otrzymywali materia\u0142y i niezb\u0119dne wskaz\u00f3wki, do Waszej dyspozycji b\u0119dzie te\u017c platforma edukacyjna. Gdyby\u015bcie jednak zat\u0119sknili za szko\u0142\u0105 i nie chcieli nadrabia\u0107 zaleg\u0142o\u015bci po uko\u0144czeniu kurs\u00f3w, zach\u0119cam aby ca\u0142kowicie nie porzuca\u0107 szkolnej aktywno\u015bci ;).<\/p>\n\n\n\n<p>Podczas zmiany organizacji pracy szko\u0142y do dyspozycji Pa\u0144stwa, r\u00f3wnie\u017c w spos\u00f3b zdalny, w godzinach swojej dotychczasowej pracy, jest pedagog szkolny <strong>Pani Magdalena Mali\u0144ska<\/strong> &#8211; prosimy kontaktowa\u0107 si\u0119 z wykorzystaniem komunikatora w ramach dziennika elektronicznego lub za pomoc\u0105 formularza znajduj\u0105cego si\u0119 na naszej stronie <a href=\"http:\/\/zskarlino.pl\/?page_id=538\">KONTAKT<\/a><\/p>\n\n\n\n<p><\/p>\n\n\n\n<p>Wszelkie sprawy do za\u0142atwienia w sekretariacie szkolnym prosz\u0119 poprzedza\u0107 uzgodnieniami za pomoc\u0105 poczty elektronicznej: <strong>zskarlino@zskarlino.pl<\/strong> lub dy\u017curnym numerem telefonu: <strong>690 990 856 <\/strong><\/p>\n\n\n\n<p><strong>Drodzy\nPracodawcy,<\/strong><\/p>\n\n\n\n<p>Zgodnie z\nRozporz\u0105dzeniem Ministra Edukacji Narodowej 25 marca 2020 r. Zesp\u00f3\u0142 Szk\u00f3\u0142 w\nKarlinie przechodzi na kszta\u0142cenie na odleg\u0142o\u015b\u0107. W zwi\u0105zku powy\u017cszym prosimy,\naby powr\u00f3ci\u0107 do wcze\u015bniejszego systemu i zadba\u0107, aby dni szkolne by\u0142y dniami\nwolnymi od praktyk. Kszta\u0142cenie na odleg\u0142o\u015b\u0107 jest nie tylko prawem, ale teraz i\nobowi\u0105zkiem ka\u017cdego ucznia.<\/p>\n\n\n\n<p>Turnusy kszta\u0142cenia zawodowego uczni\u00f3w klas I Bran\u017cowej Szko\u0142y I stopnia od najbli\u017cszego poniedzia\u0142ku (tj. 30.03.2020) te\u017c b\u0119d\u0105 odbywa\u0107 si\u0119 w formie zdalnej. Ka\u017cdorazowo nasi uczniowie zostali zobowi\u0105zani do poinformowania Pa\u0144stwa o terminach kurs\u00f3w. W przypadku pyta\u0144 lub w\u0105tpliwo\u015bci jeste\u015bmy do Pa\u0144stwa dyspozycji. &nbsp;&nbsp;&nbsp;<\/p>\n\n\n\n<p style=\"text-align:right\">Justyna Syga<br>Dyrektor Zespo\u0142u Szk\u00f3\u0142 w Karlinie<\/p>\n","protected":false},"excerpt":{"rendered":"<p>Drodzy Rodzice i Uczniowie, Od \u015brody 25 marca 2020 r. rozpoczynamy kszta\u0142cenie na odleg\u0142o\u015b\u0107. Przez ostatnie dni testowali\u015bmy r\u00f3\u017cne mo\u017cliwo\u015bci i uczyli\u015bmy si\u0119 nowych umiej\u0119tno\u015bci w oparciu o dost\u0119pne nowoczesne technologie, aby m\u00f3c je skutecznie wdro\u017cy\u0107. Zasady organizacji kszta\u0142cenia na odleg\u0142o\u015b\u0107, w tym sposobu i trybu realizacji zada\u0144 szko\u0142y, monitorowania przyrostu wiedzy, oceniania, informowania rodzic\u00f3w &hellip; <\/p>\n<p><a class=\"more-link btn\" href=\"https:\/\/zskarlino.pl\/?p=12435\">Czytaj dalej<\/a><\/p>\n","protected":false},"author":8,"featured_media":0,"comment_status":"closed","ping_status":"closed","sticky":false,"template":"","format":"standard","meta":{"footnotes":""},"categories":[3],"tags":[],"class_list":["post-12435","post","type-post","status-publish","format-standard","hentry","category-wydarzenia","item-wrap"],"_links":{"self":[{"href":"https:\/\/zskarlino.pl\/index.php?rest_route=\/wp\/v2\/posts\/12435","targetHints":{"allow":["GET"]}}],"collection":[{"href":"https:\/\/zskarlino.pl\/index.php?rest_route=\/wp\/v2\/posts"}],"about":[{"href":"https:\/\/zskarlino.pl\/index.php?rest_route=\/wp\/v2\/types\/post"}],"author":[{"embeddable":true,"href":"https:\/\/zskarlino.pl\/index.php?rest_route=\/wp\/v2\/users\/8"}],"replies":[{"embeddable":true,"href":"https:\/\/zskarlino.pl\/index.php?rest_route=%2Fwp%2Fv2%2Fcomments&post=12435"}],"version-history":[{"count":7,"href":"https:\/\/zskarlino.pl\/index.php?rest_route=\/wp\/v2\/posts\/12435\/revisions"}],"predecessor-version":[{"id":12634,"href":"https:\/\/zskarlino.pl\/index.php?rest_route=\/wp\/v2\/posts\/12435\/revisions\/12634"}],"wp:attachment":[{"href":"https:\/\/zskarlino.pl\/index.php?rest_route=%2Fwp%2Fv2%2Fmedia&parent=12435"}],"wp:term":[{"taxonomy":"category","embeddable":true,"href":"https:\/\/zskarlino.pl\/index.php?rest_route=%2Fwp%2Fv2%2Fcategories&post=12435"},{"taxonomy":"post_tag","embeddable":true,"href":"https:\/\/zskarlino.pl\/index.php?rest_route=%2Fwp%2Fv2%2Ftags&post=12435"}],"curies":[{"name":"wp","href":"https:\/\/api.w.org\/{rel}","templated":true}]}}