{"id":12297,"date":"2020-03-23T07:30:02","date_gmt":"2020-03-23T06:30:02","guid":{"rendered":"http:\/\/zskarlino.pl\/?p=12297"},"modified":"2020-03-23T20:16:01","modified_gmt":"2020-03-23T19:16:01","slug":"aktualizacja-informacji-dotyczacej-funkcjonowania-szkoly","status":"publish","type":"post","link":"https:\/\/zskarlino.pl\/?p=12297","title":{"rendered":"Aktualizacja informacji dotycz\u0105cej funkcjonowania szko\u0142y"},"content":{"rendered":"\n<p>Drodzy\nRodzice i Uczniowie,<\/p>\n\n\n\n<p>Przez ostatnie kilka dni starali\u015bmy si\u0119 wdra\u017ca\u0107 elementy tzw. kszta\u0142cenia na odleg\u0142o\u015b\u0107. Od najbli\u017cszej \u015brody 25 marca zostaje wprowadzony obowi\u0105zek realizowania podstaw programowych w zdalny spos\u00f3b. B\u0119dzie to dotyczy\u0142o zar\u00f3wno przedmiot\u00f3w og\u00f3lnokszta\u0142c\u0105cych oraz kszta\u0142cenia zawodowego, w tym r\u00f3wnie\u017c ustawicznych form kszta\u0142cenia (tzw. kurs\u00f3w dla uczni\u00f3w BSI).<\/p>\n\n\n\n<p>Tak jak wielokrotnie mieli\u015bcie Pa\u0144stwo okazj\u0119 us\u0142ysze\u0107 w doniesieniach medialnych zbli\u017ca si\u0119 wielki sprawdzian dla polskiej szko\u0142y. Niestety nie mieli\u015bmy szansy odpowiednio wcze\u015bniej si\u0119 do niego przygotowa\u0107. B\u0119dziemy uczy\u0107 si\u0119 nowych metod pracy w okoliczno\u015bciach, kt\u00f3re nie zapewniaj\u0105 komfortu pracy ani uczniom, ani nauczycielom, ale do\u0142o\u017cymy stara\u0144, aby wypracowa\u0107 jak najlepsz\u0105 p\u0142aszczyzn\u0119 porozumienia. Liczymy na Wasz\u0105 cierpliwo\u015b\u0107 i wyrozumia\u0142o\u015b\u0107 oraz otwarto\u015b\u0107 na zaproponowane przez nas rozwi\u0105zania. Zapewniamy, \u017ce przy\u015bwieca nam przed wszystkim troska o wprowadzenie namiastki normalno\u015bci w tym otaczaj\u0105cym nas zamieszaniu i nie chcemy, aby nasi uczniowie odczuli tylko negatywne konsekwencje tej niezale\u017cnej od nas wszystkich sytuacji. <\/p>\n\n\n\n<p>Mamy r\u00f3wnie\u017c \u015bwiadomo\u015b\u0107, \u017ce sukces ca\u0142ego procesu zale\u017cy od efektywnej wsp\u00f3\u0142pracy na linii <strong>szko\u0142a-uczniowie-rodzice-organ prowadz\u0105cy-pracodawcy.<\/strong> <\/p>\n\n\n\n<p>Przez ostanie dni diagnozowali\u015bmy potencjalne problemy oraz poszukiwali\u015bmy sposob\u00f3w poradzenia sobie z nimi. Nauczyciele weryfikowali dotychczas stosowane programy nauczania tak, aby jak najlepiej dostosowa\u0107 je do metod kszta\u0142cenia na odleg\u0142o\u015b\u0107. Musimy jeszcze dostosowa\u0107 nasz system oceniania do wymog\u00f3w zdalnego nauczania. Organizuj\u0105c kszta\u0142cenie na odleg\u0142o\u015b\u0107 do\u0142o\u017cymy r\u00f3wnie\u017c wszelkiej troski, aby zapewni\u0107 przestrzeganie zasad bezpiecznego korzystania przez uczni\u00f3w z urz\u0105dze\u0144 umo\u017cliwiaj\u0105cych komunikacj\u0119 elektroniczn\u0105, o co r\u00f3wnie\u017c apelujemy do Was Uczniowie.<\/p>\n\n\n\n<p>O wszystkich decyzjach i przyj\u0119tych rozwi\u0105zaniach b\u0119dziecie Pa\u0144stwo informowani dotychczasowymi kana\u0142ami, dlatego prosimy o \u015bledzenie naszej strony internetowej, a tak\u017ce systematyczne sprawdzanie komunikatora funkcjonuj\u0105cego w ramach dziennika elektronicznego. Zach\u0119camy, aby w przypadku jakichkolwiek problem\u00f3w niezw\u0142ocznie nas informowa\u0107. &nbsp;<\/p>\n\n\n\n<p>Drodzy Uczniowie, niew\u0105tpliwie najbli\u017cszy czas b\u0119dzie te\u017c szans\u0105 dla Was, aby wykaza\u0107 si\u0119 zdecydowanie wi\u0119ksz\u0105 odpowiedzialno\u015bci\u0105 za proces uczenia si\u0119, ni\u017c w przypadku metod tradycyjnej szko\u0142y. Trzymamy za Was kciuki!<\/p>\n\n\n\n<p>Liczymy, \u017ce wsp\u00f3lnie uda nam si\u0119 wypracowa\u0107 jak najlepsze rozwi\u0105zania, kt\u00f3re przynios\u0105 zadowalaj\u0105ce dla nas wszystkich efekty.<\/p>\n\n\n\n<p style=\"text-align:right\">Justyna Syga<br>Dyrektor Zespo\u0142u Szk\u00f3\u0142 w Karlinie<\/p>\n","protected":false},"excerpt":{"rendered":"<p>Drodzy Rodzice i Uczniowie, Przez ostatnie kilka dni starali\u015bmy si\u0119 wdra\u017ca\u0107 elementy tzw. kszta\u0142cenia na odleg\u0142o\u015b\u0107. Od najbli\u017cszej \u015brody 25 marca zostaje wprowadzony obowi\u0105zek realizowania podstaw programowych w zdalny spos\u00f3b. B\u0119dzie to dotyczy\u0142o zar\u00f3wno przedmiot\u00f3w og\u00f3lnokszta\u0142c\u0105cych oraz kszta\u0142cenia zawodowego, w tym r\u00f3wnie\u017c ustawicznych form kszta\u0142cenia (tzw. kurs\u00f3w dla uczni\u00f3w BSI). Tak jak wielokrotnie mieli\u015bcie Pa\u0144stwo &hellip; <\/p>\n<p><a class=\"more-link btn\" href=\"https:\/\/zskarlino.pl\/?p=12297\">Czytaj dalej<\/a><\/p>\n","protected":false},"author":8,"featured_media":0,"comment_status":"closed","ping_status":"closed","sticky":false,"template":"","format":"standard","meta":{"footnotes":""},"categories":[3],"tags":[],"class_list":["post-12297","post","type-post","status-publish","format-standard","hentry","category-wydarzenia","item-wrap"],"_links":{"self":[{"href":"https:\/\/zskarlino.pl\/index.php?rest_route=\/wp\/v2\/posts\/12297","targetHints":{"allow":["GET"]}}],"collection":[{"href":"https:\/\/zskarlino.pl\/index.php?rest_route=\/wp\/v2\/posts"}],"about":[{"href":"https:\/\/zskarlino.pl\/index.php?rest_route=\/wp\/v2\/types\/post"}],"author":[{"embeddable":true,"href":"https:\/\/zskarlino.pl\/index.php?rest_route=\/wp\/v2\/users\/8"}],"replies":[{"embeddable":true,"href":"https:\/\/zskarlino.pl\/index.php?rest_route=%2Fwp%2Fv2%2Fcomments&post=12297"}],"version-history":[{"count":2,"href":"https:\/\/zskarlino.pl\/index.php?rest_route=\/wp\/v2\/posts\/12297\/revisions"}],"predecessor-version":[{"id":12346,"href":"https:\/\/zskarlino.pl\/index.php?rest_route=\/wp\/v2\/posts\/12297\/revisions\/12346"}],"wp:attachment":[{"href":"https:\/\/zskarlino.pl\/index.php?rest_route=%2Fwp%2Fv2%2Fmedia&parent=12297"}],"wp:term":[{"taxonomy":"category","embeddable":true,"href":"https:\/\/zskarlino.pl\/index.php?rest_route=%2Fwp%2Fv2%2Fcategories&post=12297"},{"taxonomy":"post_tag","embeddable":true,"href":"https:\/\/zskarlino.pl\/index.php?rest_route=%2Fwp%2Fv2%2Ftags&post=12297"}],"curies":[{"name":"wp","href":"https:\/\/api.w.org\/{rel}","templated":true}]}}