{"id":11962,"date":"2020-03-18T14:03:26","date_gmt":"2020-03-18T13:03:26","guid":{"rendered":"http:\/\/zskarlino.pl\/?p=11962"},"modified":"2020-03-18T14:03:27","modified_gmt":"2020-03-18T13:03:27","slug":"informacja-dyrektora-zakladu-oswiaty-w-karlinie","status":"publish","type":"post","link":"https:\/\/zskarlino.pl\/?p=11962","title":{"rendered":"Informacja Dyrektora Zak\u0142adu O\u015bwiaty w Karlinie"},"content":{"rendered":"\n<p style=\"text-align:center\"><strong>INFORMACJA<\/strong><\/p>\n\n\n\n<p style=\"text-align:center\">W zwi\u0105zku z zagro\u017ceniem epidemicznym wydawanie bon\u00f3w\u00a0z racji przyznanego stypendium szkolnego, zostaje wstrzymane do odwo\u0142ania.<\/p>\n\n\n\n<p style=\"text-align:right\">Za utrudnienia przepraszamy.<\/p>\n\n\n\n<p style=\"text-align:right\">Dyrektor Zak\u0142adu O\u015bwiaty w Karlinie <\/p>\n\n\n\n<p style=\"text-align:right\">Teresa Plichta-Lessnau<\/p>\n","protected":false},"excerpt":{"rendered":"<p>INFORMACJA W zwi\u0105zku z zagro\u017ceniem epidemicznym wydawanie bon\u00f3w\u00a0z racji przyznanego stypendium szkolnego, zostaje wstrzymane do odwo\u0142ania. Za utrudnienia przepraszamy. Dyrektor Zak\u0142adu O\u015bwiaty w Karlinie Teresa Plichta-Lessnau<\/p>\n","protected":false},"author":8,"featured_media":0,"comment_status":"closed","ping_status":"closed","sticky":false,"template":"","format":"standard","meta":{"footnotes":""},"categories":[3],"tags":[],"class_list":["post-11962","post","type-post","status-publish","format-standard","hentry","category-wydarzenia","item-wrap"],"_links":{"self":[{"href":"https:\/\/zskarlino.pl\/index.php?rest_route=\/wp\/v2\/posts\/11962","targetHints":{"allow":["GET"]}}],"collection":[{"href":"https:\/\/zskarlino.pl\/index.php?rest_route=\/wp\/v2\/posts"}],"about":[{"href":"https:\/\/zskarlino.pl\/index.php?rest_route=\/wp\/v2\/types\/post"}],"author":[{"embeddable":true,"href":"https:\/\/zskarlino.pl\/index.php?rest_route=\/wp\/v2\/users\/8"}],"replies":[{"embeddable":true,"href":"https:\/\/zskarlino.pl\/index.php?rest_route=%2Fwp%2Fv2%2Fcomments&post=11962"}],"version-history":[{"count":1,"href":"https:\/\/zskarlino.pl\/index.php?rest_route=\/wp\/v2\/posts\/11962\/revisions"}],"predecessor-version":[{"id":11963,"href":"https:\/\/zskarlino.pl\/index.php?rest_route=\/wp\/v2\/posts\/11962\/revisions\/11963"}],"wp:attachment":[{"href":"https:\/\/zskarlino.pl\/index.php?rest_route=%2Fwp%2Fv2%2Fmedia&parent=11962"}],"wp:term":[{"taxonomy":"category","embeddable":true,"href":"https:\/\/zskarlino.pl\/index.php?rest_route=%2Fwp%2Fv2%2Fcategories&post=11962"},{"taxonomy":"post_tag","embeddable":true,"href":"https:\/\/zskarlino.pl\/index.php?rest_route=%2Fwp%2Fv2%2Ftags&post=11962"}],"curies":[{"name":"wp","href":"https:\/\/api.w.org\/{rel}","templated":true}]}}