{"id":11703,"date":"2020-03-13T14:50:18","date_gmt":"2020-03-13T13:50:18","guid":{"rendered":"http:\/\/zskarlino.pl\/?p=11703"},"modified":"2020-03-13T14:55:44","modified_gmt":"2020-03-13T13:55:44","slug":"informacja-dotyczaca-organizacji-pracy-szkoly-od-dnia-16-marca-2020-r","status":"publish","type":"post","link":"https:\/\/zskarlino.pl\/?p=11703","title":{"rendered":"Informacja dotycz\u0105ca organizacji pracy szko\u0142y od dnia 16 marca 2020 r."},"content":{"rendered":"\n<p><strong>Drodzy Rodzice i\nUczniowie<\/strong><\/p>\n\n\n\n<p>Informuj\u0119, \u017ce w zwi\u0105zku zagro\u017ceniem rozprzestrzenienia si\u0119 &nbsp;koronawirusa SARS-CoV-2 i w trosce o zdrowie wszystkich pracownik\u00f3w, od dnia 16 marca budynek szko\u0142y b\u0119dzie zamkni\u0119ty. Zalecam, aby w pilnych sprawach kontaktowa\u0107 si\u0119 za pomoc\u0105 poczty elektronicznej <a href=\"mailto:zskarlino@zskarlino.pl\">zskarlino@zskarlino.pl<\/a>, lub pod numerem telefonu: 690&nbsp;990&nbsp;856 w godzinach pracy szko\u0142y. <\/p>\n\n\n\n<p>O wszystkich zmianach b\u0119dziemy Pa\u0144stwa niezw\u0142ocznie informowa\u0107 poprzez dziennik elektroniczny, nasz\u0105 stron\u0119 internetow\u0105 oraz profil na FB. &nbsp;<\/p>\n\n\n\n<p>W odpowiedzi na apel MEN dotycz\u0105cy pracy zdalnej\npodczas zawieszenia zaj\u0119\u0107 szkolnych, wszyscy nauczyciele Zespo\u0142u Szk\u00f3\u0142 b\u0119d\u0105 komunikowa\u0107\nsi\u0119 z uczniami za pomoc\u0105 dziennika elektronicznego przesy\u0142aj\u0105c r\u00f3\u017cnego typu zadania\nlub linki do opracowanych przez siebie materia\u0142\u00f3w dydaktycznych. Prosz\u0119 nie bagatelizowa\u0107\ntej formy pracy, gdy\u017c nikt z nas nie jest pewien jak d\u0142ugo ta sytuacja mo\u017ce\npotrwa\u0107. Zach\u0119cam uczni\u00f3w do regularnego uczestniczenia w tej formie aktywno\u015bci,\na tak\u017ce korzystania z rekomendowanych przez ministerstwo stron internetowych\n(link poni\u017cej). <\/p>\n\n\n\n<p><a href=\"https:\/\/www.gov.pl\/web\/edukacja\/nauka-zdalna\" target=\"_blank\" rel=\"noopener\">https:\/\/www.gov.pl\/web\/edukacja\/nauka-zdalna<\/a><\/p>\n\n\n\n<p><strong>Dyrektor Zespo\u0142u Szk\u00f3\u0142\nw Karlinie<\/strong><\/p>\n\n\n\n<p><strong>Justyna Syga<\/strong><\/p>\n","protected":false},"excerpt":{"rendered":"<p>Drodzy Rodzice i Uczniowie Informuj\u0119, \u017ce w zwi\u0105zku zagro\u017ceniem rozprzestrzenienia si\u0119 &nbsp;koronawirusa SARS-CoV-2 i w trosce o zdrowie wszystkich pracownik\u00f3w, od dnia 16 marca budynek szko\u0142y b\u0119dzie zamkni\u0119ty. Zalecam, aby w pilnych sprawach kontaktowa\u0107 si\u0119 za pomoc\u0105 poczty elektronicznej zskarlino@zskarlino.pl, lub pod numerem telefonu: 690&nbsp;990&nbsp;856 w godzinach pracy szko\u0142y. O wszystkich zmianach b\u0119dziemy Pa\u0144stwa niezw\u0142ocznie &hellip; <\/p>\n<p><a class=\"more-link btn\" href=\"https:\/\/zskarlino.pl\/?p=11703\">Czytaj dalej<\/a><\/p>\n","protected":false},"author":8,"featured_media":0,"comment_status":"closed","ping_status":"closed","sticky":false,"template":"","format":"standard","meta":{"footnotes":""},"categories":[3],"tags":[],"class_list":["post-11703","post","type-post","status-publish","format-standard","hentry","category-wydarzenia","item-wrap"],"_links":{"self":[{"href":"https:\/\/zskarlino.pl\/index.php?rest_route=\/wp\/v2\/posts\/11703","targetHints":{"allow":["GET"]}}],"collection":[{"href":"https:\/\/zskarlino.pl\/index.php?rest_route=\/wp\/v2\/posts"}],"about":[{"href":"https:\/\/zskarlino.pl\/index.php?rest_route=\/wp\/v2\/types\/post"}],"author":[{"embeddable":true,"href":"https:\/\/zskarlino.pl\/index.php?rest_route=\/wp\/v2\/users\/8"}],"replies":[{"embeddable":true,"href":"https:\/\/zskarlino.pl\/index.php?rest_route=%2Fwp%2Fv2%2Fcomments&post=11703"}],"version-history":[{"count":2,"href":"https:\/\/zskarlino.pl\/index.php?rest_route=\/wp\/v2\/posts\/11703\/revisions"}],"predecessor-version":[{"id":11705,"href":"https:\/\/zskarlino.pl\/index.php?rest_route=\/wp\/v2\/posts\/11703\/revisions\/11705"}],"wp:attachment":[{"href":"https:\/\/zskarlino.pl\/index.php?rest_route=%2Fwp%2Fv2%2Fmedia&parent=11703"}],"wp:term":[{"taxonomy":"category","embeddable":true,"href":"https:\/\/zskarlino.pl\/index.php?rest_route=%2Fwp%2Fv2%2Fcategories&post=11703"},{"taxonomy":"post_tag","embeddable":true,"href":"https:\/\/zskarlino.pl\/index.php?rest_route=%2Fwp%2Fv2%2Ftags&post=11703"}],"curies":[{"name":"wp","href":"https:\/\/api.w.org\/{rel}","templated":true}]}}