{"id":11697,"date":"2020-03-13T14:35:08","date_gmt":"2020-03-13T13:35:08","guid":{"rendered":"http:\/\/zskarlino.pl\/?p=11697"},"modified":"2020-03-13T14:56:00","modified_gmt":"2020-03-13T13:56:00","slug":"informacja-dyrektora-szkol-w-karlinie-dotyczaca-pracownikow-mlodocianych","status":"publish","type":"post","link":"https:\/\/zskarlino.pl\/?p=11697","title":{"rendered":"Informacja Dyrektora Zespo\u0142u Szk\u00f3\u0142 w Karlinie dotycz\u0105ca pracownik\u00f3w m\u0142odocianych"},"content":{"rendered":"\n<p><strong>Drodzy Pracodawcy naszych Uczni\u00f3w \u2013 m\u0142odocianych pracownik\u00f3w,<\/strong><\/p>\n\n\n\n<p>Poni\u017cej przedstawiam informacj\u0119 zamieszczon\u0105 na stronie Ministerstwa Rodziny, Pracy i Polityki Spo\u0142ecznej o zaleceniu rozwa\u017cenia zwolnienia naszych uczni\u00f3w \u2013 pracownik\u00f3w m\u0142odocianych z obowi\u0105zku \u015bwiadczenia praktyki zawodowej w czasie zawieszenia zaj\u0119\u0107 szkolnych. W trosce o bezpiecze\u0144stwo naszych uczni\u00f3w b\u0119dziemy niezmiernie wdzi\u0119czni za rozwa\u017cenie mo\u017cliwych do wprowadzenia przez Pa\u0144stwa rozwi\u0105za\u0144.<\/p>\n\n\n\n<p>\u201eW zwi\u0105zku z\nrozprzestrzenianiem si\u0119 na terytorium Polski koronawirusa SARS-CoV-2,\nwywo\u0142uj\u0105cego chorob\u0119 COVID-19, maj\u0105c na uwadze bezpiecze\u0144stwo m\u0142odzie\u017cy,&nbsp;<strong>zalecamy\npracodawcom zwolnienie pracownik\u00f3w m\u0142odocianych<\/strong>, w tym uczni\u00f3w\nb\u0119d\u0105cych m\u0142odocianymi pracownikami,&nbsp;<strong>zatrudnionych w&nbsp;celu przygotowania zawodowego, z obowi\u0105zku\n\u015bwiadczenia pracy w okresie czasowego ograniczenia funkcjonowania jednostek\nsystemu o\u015bwiaty&nbsp;<\/strong>w zwi\u0105zku z zapobieganiem,\nprzeciwdzia\u0142aniem i&nbsp;zwalczaniem COVID-19, o kt\u00f3rym mowa w przepisach\nwydanych na podstawie art. 30b ustawy z dnia 14 grudnia 2016 r. \u2013 Prawo\no\u015bwiatowe (Dz. U. z 2019 r. poz. 1148, z p\u00f3\u017an. zm.).<\/p>\n\n\n\n<p>Informujemy, \u017ce prowadzone s\u0105\nprace legislacyjne maj\u0105ce na celu wliczenie okresu zawieszenia zaj\u0119\u0107 w szko\u0142ach\ndo okresu, za jaki pracodawcom, kt\u00f3rzy zawarli umow\u0119 z uczniami-m\u0142odocianymi\npracownikami, przys\u0142uguje dofinansowanie koszt\u00f3w kszta\u0142cenia.\u201d<\/p>\n\n\n\n<p><a href=\"https:\/\/www.gov.pl\/web\/rodzina\/komunikat-ministra-rodziny-pracy-i-polityki-spolecznej-oraz-ministra-edukacji-narodowej-ws-pracownikow-mlodocianych\" target=\"_blank\" rel=\"noopener\">https:\/\/www.gov.pl\/web\/rodzina\/komunikat-ministra-rodziny-pracy-i-polityki-spolecznej-oraz-ministra-edukacji-narodowej-ws-pracownikow-mlodocianych<\/a><\/p>\n\n\n\n<p style=\"text-align:right\"><strong>Dyrektor Zespo\u0142u Szk\u00f3\u0142\nw Karlinie<\/strong><\/p>\n\n\n\n<p style=\"text-align:right\"><strong>Justyna Syga<\/strong><\/p>\n","protected":false},"excerpt":{"rendered":"<p>Drodzy Pracodawcy naszych Uczni\u00f3w \u2013 m\u0142odocianych pracownik\u00f3w, Poni\u017cej przedstawiam informacj\u0119 zamieszczon\u0105 na stronie Ministerstwa Rodziny, Pracy i Polityki Spo\u0142ecznej o zaleceniu rozwa\u017cenia zwolnienia naszych uczni\u00f3w \u2013 pracownik\u00f3w m\u0142odocianych z obowi\u0105zku \u015bwiadczenia praktyki zawodowej w czasie zawieszenia zaj\u0119\u0107 szkolnych. W trosce o bezpiecze\u0144stwo naszych uczni\u00f3w b\u0119dziemy niezmiernie wdzi\u0119czni za rozwa\u017cenie mo\u017cliwych do wprowadzenia przez Pa\u0144stwa rozwi\u0105za\u0144. &hellip; <\/p>\n<p><a class=\"more-link btn\" href=\"https:\/\/zskarlino.pl\/?p=11697\">Czytaj dalej<\/a><\/p>\n","protected":false},"author":8,"featured_media":0,"comment_status":"closed","ping_status":"closed","sticky":false,"template":"","format":"standard","meta":{"footnotes":""},"categories":[3],"tags":[],"class_list":["post-11697","post","type-post","status-publish","format-standard","hentry","category-wydarzenia","item-wrap"],"_links":{"self":[{"href":"https:\/\/zskarlino.pl\/index.php?rest_route=\/wp\/v2\/posts\/11697","targetHints":{"allow":["GET"]}}],"collection":[{"href":"https:\/\/zskarlino.pl\/index.php?rest_route=\/wp\/v2\/posts"}],"about":[{"href":"https:\/\/zskarlino.pl\/index.php?rest_route=\/wp\/v2\/types\/post"}],"author":[{"embeddable":true,"href":"https:\/\/zskarlino.pl\/index.php?rest_route=\/wp\/v2\/users\/8"}],"replies":[{"embeddable":true,"href":"https:\/\/zskarlino.pl\/index.php?rest_route=%2Fwp%2Fv2%2Fcomments&post=11697"}],"version-history":[{"count":5,"href":"https:\/\/zskarlino.pl\/index.php?rest_route=\/wp\/v2\/posts\/11697\/revisions"}],"predecessor-version":[{"id":11702,"href":"https:\/\/zskarlino.pl\/index.php?rest_route=\/wp\/v2\/posts\/11697\/revisions\/11702"}],"wp:attachment":[{"href":"https:\/\/zskarlino.pl\/index.php?rest_route=%2Fwp%2Fv2%2Fmedia&parent=11697"}],"wp:term":[{"taxonomy":"category","embeddable":true,"href":"https:\/\/zskarlino.pl\/index.php?rest_route=%2Fwp%2Fv2%2Fcategories&post=11697"},{"taxonomy":"post_tag","embeddable":true,"href":"https:\/\/zskarlino.pl\/index.php?rest_route=%2Fwp%2Fv2%2Ftags&post=11697"}],"curies":[{"name":"wp","href":"https:\/\/api.w.org\/{rel}","templated":true}]}}