{"id":11693,"date":"2020-03-11T13:58:53","date_gmt":"2020-03-11T12:58:53","guid":{"rendered":"http:\/\/zskarlino.pl\/?p=11693"},"modified":"2020-03-19T17:09:41","modified_gmt":"2020-03-19T16:09:41","slug":"informacja-na-temat-zawieszenia-zajec","status":"publish","type":"post","link":"https:\/\/zskarlino.pl\/?p=11693","title":{"rendered":"Informacja na temat zawieszenia zaj\u0119\u0107"},"content":{"rendered":"\n<p>Drodzy Rodzice i Uczniowie, <\/p>\n\n\n\n<p>Informuj\u0119, \u017ce od dnia 12.03 do\n25.03 zawieszone zostaj\u0105 zaj\u0119cia dydaktyczno-wychowawcze w szkole. Internat r\u00f3wnie\u017c\npozostanie zamkni\u0119ty do odwo\u0142ania. Uczniowie przebywaj\u0105cy w Internacie proszeni\ns\u0105 o zabranie swoich rzeczy osobistych, po\u015bcieli oraz wszystkich artyku\u0142\u00f3w\nspo\u017cywczych. <\/p>\n\n\n\n<p>Uczniowie Bran\u017cowej Szko\u0142y I\nstopnia realizuj\u0105 praktyczn\u0105 nauk\u0119 zawodu u pracodawcy na dotychczasowych\nzasadach. Turnusy dokszta\u0142caj\u0105ce (kursy) dla uczni\u00f3w BSI, kt\u00f3re mia\u0142y rozpocz\u0105\u0107\nsi\u0119 w przysz\u0142ym tygodniu tj. od 16.03 s\u0105 zawieszone do odwo\u0142ania. <\/p>\n\n\n\n<p>O wszelkich zmianach b\u0119dziecie Pa\u0144stwo informowani poprzez dziennik elektroniczny, stron\u0119 internetow\u0105 szko\u0142y i profil szko\u0142y na FB, dlatego zach\u0119cam do jej \u015bledzenia.<\/p>\n\n\n\n<p>Zalecamy, aby uczniowie unikali\nwi\u0119kszych skupisk oraz zgromadze\u0144, aby ograniczy\u0107 ryzyko zaka\u017cenia lub\nprzenoszenia wirusa. Nie jest to czas ferii, wi\u0119c nauczyciele mog\u0105 komunikowa\u0107\nsi\u0119 z uczniami zdalnie poprzez komunikator przesy\u0142aj\u0105c r\u00f3\u017cnego rodzaju zadania\nlub \u0107wiczenia. Zach\u0119cam do \u015bledzenia zalece\u0144 G\u0142\u00f3wnego Inspektora Sanitarnego\noraz Ministerstwa Zdrowia.<\/p>\n\n\n\n<p style=\"text-align:right\">Dyrektor Zespo\u0142u Szk\u00f3\u0142 w Karlinie<\/p>\n\n\n\n<p style=\"text-align:right\">Justyna Syga<\/p>\n\n\n\n<h4 class=\"wp-block-heading\">W pilnych sprawach zalecamy kontakt telefoniczny: 690 990&nbsp;856 lub mailowy <a href=\"mailto:zskarlino@zskarlino.pl\">zskarlino@zskarlino.pl<\/a><\/h4>\n\n\n\n<h4 class=\"wp-block-heading\">Kontakt z nauczycielami lub wychowawcami mo\u017cliwy jest poprzez i-dziennik.<\/h4>\n\n\n\n<h4 class=\"wp-block-heading\">W sprawach zwi\u0105zanych z problemami dost\u0119pu do i-dziennika prosz\u0119 kontaktowa\u0107 si\u0119 z bezpo\u015brednio z administratorem: idziennik@zskarlino.pl (w godzinach 8:00-16:00).<\/h4>\n\n\n\n<p>Poni\u017cej zamieszczam link do Komunikatu Ministerstwa Edukacji\nNarodowej.<\/p>\n\n\n\n<p><a href=\"https:\/\/www.gov.pl\/web\/edukacja\/zawieszenie-zajec-w-szkolach\" target=\"_blank\" rel=\"noopener\">https:\/\/www.gov.pl\/web\/edukacja\/zawieszenie-zajec-w-szkolach<\/a><\/p>\n","protected":false},"excerpt":{"rendered":"<p>Drodzy Rodzice i Uczniowie, Informuj\u0119, \u017ce od dnia 12.03 do 25.03 zawieszone zostaj\u0105 zaj\u0119cia dydaktyczno-wychowawcze w szkole. Internat r\u00f3wnie\u017c pozostanie zamkni\u0119ty do odwo\u0142ania. Uczniowie przebywaj\u0105cy w Internacie proszeni s\u0105 o zabranie swoich rzeczy osobistych, po\u015bcieli oraz wszystkich artyku\u0142\u00f3w spo\u017cywczych. Uczniowie Bran\u017cowej Szko\u0142y I stopnia realizuj\u0105 praktyczn\u0105 nauk\u0119 zawodu u pracodawcy na dotychczasowych zasadach. Turnusy dokszta\u0142caj\u0105ce &hellip; <\/p>\n<p><a class=\"more-link btn\" href=\"https:\/\/zskarlino.pl\/?p=11693\">Czytaj dalej<\/a><\/p>\n","protected":false},"author":8,"featured_media":0,"comment_status":"closed","ping_status":"closed","sticky":false,"template":"","format":"standard","meta":{"footnotes":""},"categories":[3],"tags":[],"class_list":["post-11693","post","type-post","status-publish","format-standard","hentry","category-wydarzenia","item-wrap"],"_links":{"self":[{"href":"https:\/\/zskarlino.pl\/index.php?rest_route=\/wp\/v2\/posts\/11693","targetHints":{"allow":["GET"]}}],"collection":[{"href":"https:\/\/zskarlino.pl\/index.php?rest_route=\/wp\/v2\/posts"}],"about":[{"href":"https:\/\/zskarlino.pl\/index.php?rest_route=\/wp\/v2\/types\/post"}],"author":[{"embeddable":true,"href":"https:\/\/zskarlino.pl\/index.php?rest_route=\/wp\/v2\/users\/8"}],"replies":[{"embeddable":true,"href":"https:\/\/zskarlino.pl\/index.php?rest_route=%2Fwp%2Fv2%2Fcomments&post=11693"}],"version-history":[{"count":3,"href":"https:\/\/zskarlino.pl\/index.php?rest_route=\/wp\/v2\/posts\/11693\/revisions"}],"predecessor-version":[{"id":12169,"href":"https:\/\/zskarlino.pl\/index.php?rest_route=\/wp\/v2\/posts\/11693\/revisions\/12169"}],"wp:attachment":[{"href":"https:\/\/zskarlino.pl\/index.php?rest_route=%2Fwp%2Fv2%2Fmedia&parent=11693"}],"wp:term":[{"taxonomy":"category","embeddable":true,"href":"https:\/\/zskarlino.pl\/index.php?rest_route=%2Fwp%2Fv2%2Fcategories&post=11693"},{"taxonomy":"post_tag","embeddable":true,"href":"https:\/\/zskarlino.pl\/index.php?rest_route=%2Fwp%2Fv2%2Ftags&post=11693"}],"curies":[{"name":"wp","href":"https:\/\/api.w.org\/{rel}","templated":true}]}}