{"id":11593,"date":"2020-03-02T12:05:57","date_gmt":"2020-03-02T11:05:57","guid":{"rendered":"http:\/\/zskarlino.pl\/?p=11593"},"modified":"2020-03-02T12:05:58","modified_gmt":"2020-03-02T11:05:58","slug":"mlodziezowe-radne-wojewodzkie","status":"publish","type":"post","link":"https:\/\/zskarlino.pl\/?p=11593","title":{"rendered":"M\u0142odzie\u017cowe radne wojew\u00f3dzkie"},"content":{"rendered":"\n<div class=\"wp-block-image\"><figure class=\"aligncenter\"><img loading=\"lazy\" decoding=\"async\" width=\"404\" height=\"523\" src=\"http:\/\/zskarlino.pl\/wp-content\/uploads\/2020\/03\/IMG_20200227_104607.jpg\" alt=\"\" class=\"wp-image-11594\" srcset=\"https:\/\/zskarlino.pl\/wp-content\/uploads\/2020\/03\/IMG_20200227_104607.jpg 404w, https:\/\/zskarlino.pl\/wp-content\/uploads\/2020\/03\/IMG_20200227_104607-232x300.jpg 232w\" sizes=\"auto, (max-width: 404px) 100vw, 404px\" \/><figcaption>All-focus<\/figcaption><\/figure><\/div>\n\n\n\n<p>Dwie uczennice naszego Zespo\u0142u Szk\u00f3\u0142, a jednocze\u015bnie radne M\u0142odzie\u017cowej Rady Miejskiej &#8211; Paulina Marcinkowska i Zuzanna Ostrowska &#8211; zosta\u0142y radnymi Rady M\u0142odzie\u017cy Wojew\u00f3dztwa Zachodniopomorskiego! Rada M\u0142odzie\u017cy WZ\u00a0 jest cia\u0142em konsultacyjnym powo\u0142anym przez Marsza\u0142ka Wojew\u00f3dztwa. Sk\u0142ada si\u0119 z czterdziestu os\u00f3b reprezentuj\u0105cych m\u0142odzie\u017c wojew\u00f3dztwa zachodniopomorskiego. Rada wp\u0142ywa na rozw\u00f3j polityki m\u0142odzie\u017cowej, stwarza mo\u017cliwo\u015bci nawi\u0105zywania wsp\u00f3\u0142pracy, s\u0142u\u017cy jako miejsce wymiany do\u015bwiadcze\u0144 i opinii, a tak\u017ce wypracowuje rekomendacje m\u0142odzie\u017cy, kt\u00f3re s\u0105 nast\u0119pnie przekazywane w\u0142adzom regionalnym, krajowym, instytucjom europejskim. Radni bior\u0105 udzia\u0142 w spotkaniach Rady &#8211; zwykle w Szczecinie (mniej wi\u0119cej raz na kwarta\u0142 lub cz\u0119\u015bciej), a tym samym reprezentuj\u0105 g\u0142os swoich r\u00f3wie\u015bnik\u00f3w na szczeblu regionalnym. Reprezentanci b\u0119d\u0105 te\u017c w pierwszej kolejno\u015bci zapraszani do udzia\u0142u w projektach i warsztatach Sekretariatu ds. M\u0142odzie\u017cy Wojew\u00f3dztwa Zachodniopomorskiego. Dziewczynom serdecznie gratulujemy i \u017cyczymy powodzenia.<\/p>\n\n\n\n<p style=\"text-align:right\"><em>Ireneusz Tyborski<\/em><\/p>\n","protected":false},"excerpt":{"rendered":"<p>Dwie uczennice naszego Zespo\u0142u Szk\u00f3\u0142, a jednocze\u015bnie radne M\u0142odzie\u017cowej Rady Miejskiej &#8211; Paulina Marcinkowska i Zuzanna Ostrowska &#8211; zosta\u0142y radnymi Rady M\u0142odzie\u017cy Wojew\u00f3dztwa Zachodniopomorskiego! Rada M\u0142odzie\u017cy WZ\u00a0 jest cia\u0142em konsultacyjnym powo\u0142anym przez Marsza\u0142ka Wojew\u00f3dztwa. Sk\u0142ada si\u0119 z czterdziestu os\u00f3b reprezentuj\u0105cych m\u0142odzie\u017c wojew\u00f3dztwa zachodniopomorskiego. Rada wp\u0142ywa na rozw\u00f3j polityki m\u0142odzie\u017cowej, stwarza mo\u017cliwo\u015bci nawi\u0105zywania wsp\u00f3\u0142pracy, s\u0142u\u017cy jako &hellip; <\/p>\n<p><a class=\"more-link btn\" href=\"https:\/\/zskarlino.pl\/?p=11593\">Czytaj dalej<\/a><\/p>\n","protected":false},"author":6,"featured_media":0,"comment_status":"closed","ping_status":"closed","sticky":false,"template":"","format":"standard","meta":{"footnotes":""},"categories":[3],"tags":[],"class_list":["post-11593","post","type-post","status-publish","format-standard","hentry","category-wydarzenia","item-wrap"],"_links":{"self":[{"href":"https:\/\/zskarlino.pl\/index.php?rest_route=\/wp\/v2\/posts\/11593","targetHints":{"allow":["GET"]}}],"collection":[{"href":"https:\/\/zskarlino.pl\/index.php?rest_route=\/wp\/v2\/posts"}],"about":[{"href":"https:\/\/zskarlino.pl\/index.php?rest_route=\/wp\/v2\/types\/post"}],"author":[{"embeddable":true,"href":"https:\/\/zskarlino.pl\/index.php?rest_route=\/wp\/v2\/users\/6"}],"replies":[{"embeddable":true,"href":"https:\/\/zskarlino.pl\/index.php?rest_route=%2Fwp%2Fv2%2Fcomments&post=11593"}],"version-history":[{"count":1,"href":"https:\/\/zskarlino.pl\/index.php?rest_route=\/wp\/v2\/posts\/11593\/revisions"}],"predecessor-version":[{"id":11596,"href":"https:\/\/zskarlino.pl\/index.php?rest_route=\/wp\/v2\/posts\/11593\/revisions\/11596"}],"wp:attachment":[{"href":"https:\/\/zskarlino.pl\/index.php?rest_route=%2Fwp%2Fv2%2Fmedia&parent=11593"}],"wp:term":[{"taxonomy":"category","embeddable":true,"href":"https:\/\/zskarlino.pl\/index.php?rest_route=%2Fwp%2Fv2%2Fcategories&post=11593"},{"taxonomy":"post_tag","embeddable":true,"href":"https:\/\/zskarlino.pl\/index.php?rest_route=%2Fwp%2Fv2%2Ftags&post=11593"}],"curies":[{"name":"wp","href":"https:\/\/api.w.org\/{rel}","templated":true}]}}