{"id":11560,"date":"2020-02-25T23:25:27","date_gmt":"2020-02-25T22:25:27","guid":{"rendered":"http:\/\/zskarlino.pl\/?p=11560"},"modified":"2020-06-11T18:12:03","modified_gmt":"2020-06-11T16:12:03","slug":"spotkanie-z-rodzicami","status":"publish","type":"post","link":"https:\/\/zskarlino.pl\/?p=11560","title":{"rendered":"Spotkanie z rodzicami"},"content":{"rendered":"\n<figure class=\"wp-block-gallery columns-3 is-cropped wp-block-gallery-1 is-layout-flex wp-block-gallery-is-layout-flex\"><ul class=\"blocks-gallery-grid\"><li class=\"blocks-gallery-item\"><figure><a href=\"http:\/\/zskarlino.pl\/wp-content\/uploads\/2020\/02\/IMG_20200225_163254-768x1024.jpg\" rel=\"lightbox[11560]\"><img loading=\"lazy\" decoding=\"async\" width=\"768\" height=\"1024\" src=\"http:\/\/zskarlino.pl\/wp-content\/uploads\/2020\/02\/IMG_20200225_163254-768x1024.jpg\" alt=\"\" data-id=\"11561\" data-link=\"http:\/\/zskarlino.pl\/?attachment_id=11561\" class=\"wp-image-11561\" srcset=\"https:\/\/zskarlino.pl\/wp-content\/uploads\/2020\/02\/IMG_20200225_163254-768x1024.jpg 768w, https:\/\/zskarlino.pl\/wp-content\/uploads\/2020\/02\/IMG_20200225_163254-225x300.jpg 225w, https:\/\/zskarlino.pl\/wp-content\/uploads\/2020\/02\/IMG_20200225_163254.jpg 800w\" sizes=\"auto, (max-width: 768px) 100vw, 768px\" \/><\/a><\/figure><\/li><li class=\"blocks-gallery-item\"><figure><a href=\"http:\/\/zskarlino.pl\/wp-content\/uploads\/2020\/02\/IMG_20200225_163300-768x1024.jpg\" rel=\"lightbox[11560]\"><img loading=\"lazy\" decoding=\"async\" width=\"768\" height=\"1024\" src=\"http:\/\/zskarlino.pl\/wp-content\/uploads\/2020\/02\/IMG_20200225_163300-768x1024.jpg\" alt=\"\" data-id=\"11562\" data-link=\"http:\/\/zskarlino.pl\/?attachment_id=11562\" class=\"wp-image-11562\" srcset=\"https:\/\/zskarlino.pl\/wp-content\/uploads\/2020\/02\/IMG_20200225_163300-768x1024.jpg 768w, https:\/\/zskarlino.pl\/wp-content\/uploads\/2020\/02\/IMG_20200225_163300-225x300.jpg 225w, https:\/\/zskarlino.pl\/wp-content\/uploads\/2020\/02\/IMG_20200225_163300.jpg 800w\" sizes=\"auto, (max-width: 768px) 100vw, 768px\" \/><\/a><\/figure><\/li><li class=\"blocks-gallery-item\"><figure><a href=\"http:\/\/zskarlino.pl\/wp-content\/uploads\/2020\/02\/IMG_20200225_163419-768x1024.jpg\" rel=\"lightbox[11560]\"><img loading=\"lazy\" decoding=\"async\" width=\"768\" height=\"1024\" src=\"http:\/\/zskarlino.pl\/wp-content\/uploads\/2020\/02\/IMG_20200225_163419-768x1024.jpg\" alt=\"\" data-id=\"11563\" data-link=\"http:\/\/zskarlino.pl\/?attachment_id=11563\" class=\"wp-image-11563\" srcset=\"https:\/\/zskarlino.pl\/wp-content\/uploads\/2020\/02\/IMG_20200225_163419-768x1024.jpg 768w, https:\/\/zskarlino.pl\/wp-content\/uploads\/2020\/02\/IMG_20200225_163419-225x300.jpg 225w, https:\/\/zskarlino.pl\/wp-content\/uploads\/2020\/02\/IMG_20200225_163419.jpg 800w\" sizes=\"auto, (max-width: 768px) 100vw, 768px\" \/><\/a><\/figure><\/li><li class=\"blocks-gallery-item\"><figure><a href=\"http:\/\/zskarlino.pl\/wp-content\/uploads\/2020\/02\/IMG_20200225_164411-768x1024.jpg\" rel=\"lightbox[11560]\"><img loading=\"lazy\" decoding=\"async\" width=\"768\" height=\"1024\" src=\"http:\/\/zskarlino.pl\/wp-content\/uploads\/2020\/02\/IMG_20200225_164411-768x1024.jpg\" alt=\"\" data-id=\"11564\" data-link=\"http:\/\/zskarlino.pl\/?attachment_id=11564\" class=\"wp-image-11564\" srcset=\"https:\/\/zskarlino.pl\/wp-content\/uploads\/2020\/02\/IMG_20200225_164411-768x1024.jpg 768w, https:\/\/zskarlino.pl\/wp-content\/uploads\/2020\/02\/IMG_20200225_164411-225x300.jpg 225w, https:\/\/zskarlino.pl\/wp-content\/uploads\/2020\/02\/IMG_20200225_164411.jpg 800w\" sizes=\"auto, (max-width: 768px) 100vw, 768px\" \/><\/a><\/figure><\/li><li class=\"blocks-gallery-item\"><figure><a href=\"http:\/\/zskarlino.pl\/wp-content\/uploads\/2020\/02\/IMG_20200225_164421-768x1024.jpg\" rel=\"lightbox[11560]\"><img loading=\"lazy\" decoding=\"async\" width=\"768\" height=\"1024\" src=\"http:\/\/zskarlino.pl\/wp-content\/uploads\/2020\/02\/IMG_20200225_164421-768x1024.jpg\" alt=\"\" data-id=\"11565\" data-link=\"http:\/\/zskarlino.pl\/?attachment_id=11565\" class=\"wp-image-11565\" srcset=\"https:\/\/zskarlino.pl\/wp-content\/uploads\/2020\/02\/IMG_20200225_164421-768x1024.jpg 768w, https:\/\/zskarlino.pl\/wp-content\/uploads\/2020\/02\/IMG_20200225_164421-225x300.jpg 225w, https:\/\/zskarlino.pl\/wp-content\/uploads\/2020\/02\/IMG_20200225_164421.jpg 800w\" sizes=\"auto, (max-width: 768px) 100vw, 768px\" \/><\/a><\/figure><\/li><li class=\"blocks-gallery-item\"><figure><a href=\"http:\/\/zskarlino.pl\/wp-content\/uploads\/2020\/02\/IMG_20200225_164602-768x1024.jpg\" rel=\"lightbox[11560]\"><img loading=\"lazy\" decoding=\"async\" width=\"768\" height=\"1024\" src=\"http:\/\/zskarlino.pl\/wp-content\/uploads\/2020\/02\/IMG_20200225_164602-768x1024.jpg\" alt=\"\" data-id=\"11566\" data-link=\"http:\/\/zskarlino.pl\/?attachment_id=11566\" class=\"wp-image-11566\" srcset=\"https:\/\/zskarlino.pl\/wp-content\/uploads\/2020\/02\/IMG_20200225_164602-768x1024.jpg 768w, https:\/\/zskarlino.pl\/wp-content\/uploads\/2020\/02\/IMG_20200225_164602-225x300.jpg 225w, https:\/\/zskarlino.pl\/wp-content\/uploads\/2020\/02\/IMG_20200225_164602.jpg 800w\" sizes=\"auto, (max-width: 768px) 100vw, 768px\" \/><\/a><\/figure><\/li><\/ul><\/figure>\n\n\n\n<p>Spotkanie z rodzicami w dniu 25 lutego 2020 r. to podsumowanie naszej p\u00f3\u0142rocznej pracy  oraz okazja do realizacji zada\u0144 w ramach szeroko rozumianej  profilaktyki dzi\u0119ki obecno\u015bci Pani Anny Szajdeckiej z Powiatowej Stacji  Sanitarno-Epidemiologicznej w Bia\u0142ogardzie oraz Pani sier\u017cant Agnieszki Kalwy z Komendy Powiatowej Policji w Bia\u0142ogardzie.<br>Spotkanie mia\u0142o na celu przybli\u017cenie rodzicom informacji na temat istniej\u0105cych  zagro\u017ce\u0144 i niebezpiecze\u0144stw, jakie niesie za sob\u0105 za\u017cywanie \u015brodk\u00f3w  psychoaktywnych przez m\u0142odzie\u017c. Rodzice zostali r\u00f3wnie\u017c uczuleni, jakie  zachowania oraz przedmioty znajduj\u0105ce si\u0119 w posiadaniu ich dzieci powinny wzbudza\u0107 ich niepok\u00f3j dzi\u0119ki zaprezentowanym atrapom niedozwolonych produkt\u00f3w <\/p>\n\n\n\n<p>Pani Dyrektor Justyna Syga, podsumowa\u0142a I p\u00f3\u0142rocze roku szkolnego 2019\/20 przedstawiaj\u0105c wyniki oraz najwa\u017cniejsze wydarzenia i dzia\u0142ania. Przedstawi\u0142a tak\u017ce dzia\u0142ania zwi\u0105zane z projektami &#8222;Two Faces of Technology: Isolation or Opportunities&#8221;  w ramach programu Erasmus+ oraz &#8222;Razem w Zawodow\u0105 Przysz\u0142o\u015b\u0107- BIS!&#8221;<\/p>\n","protected":false},"excerpt":{"rendered":"<p>Spotkanie z rodzicami w dniu 25 lutego 2020 r. to podsumowanie naszej p\u00f3\u0142rocznej pracy oraz okazja do realizacji zada\u0144 w ramach szeroko rozumianej profilaktyki dzi\u0119ki obecno\u015bci Pani Anny Szajdeckiej z Powiatowej Stacji Sanitarno-Epidemiologicznej w Bia\u0142ogardzie oraz Pani sier\u017cant Agnieszki Kalwy z Komendy Powiatowej Policji w Bia\u0142ogardzie.Spotkanie mia\u0142o na celu przybli\u017cenie rodzicom informacji na temat istniej\u0105cych &hellip; <\/p>\n<p><a class=\"more-link btn\" href=\"https:\/\/zskarlino.pl\/?p=11560\">Czytaj dalej<\/a><\/p>\n","protected":false},"author":6,"featured_media":0,"comment_status":"closed","ping_status":"closed","sticky":false,"template":"","format":"standard","meta":{"footnotes":""},"categories":[3],"tags":[],"class_list":["post-11560","post","type-post","status-publish","format-standard","hentry","category-wydarzenia","item-wrap"],"_links":{"self":[{"href":"https:\/\/zskarlino.pl\/index.php?rest_route=\/wp\/v2\/posts\/11560","targetHints":{"allow":["GET"]}}],"collection":[{"href":"https:\/\/zskarlino.pl\/index.php?rest_route=\/wp\/v2\/posts"}],"about":[{"href":"https:\/\/zskarlino.pl\/index.php?rest_route=\/wp\/v2\/types\/post"}],"author":[{"embeddable":true,"href":"https:\/\/zskarlino.pl\/index.php?rest_route=\/wp\/v2\/users\/6"}],"replies":[{"embeddable":true,"href":"https:\/\/zskarlino.pl\/index.php?rest_route=%2Fwp%2Fv2%2Fcomments&post=11560"}],"version-history":[{"count":2,"href":"https:\/\/zskarlino.pl\/index.php?rest_route=\/wp\/v2\/posts\/11560\/revisions"}],"predecessor-version":[{"id":17140,"href":"https:\/\/zskarlino.pl\/index.php?rest_route=\/wp\/v2\/posts\/11560\/revisions\/17140"}],"wp:attachment":[{"href":"https:\/\/zskarlino.pl\/index.php?rest_route=%2Fwp%2Fv2%2Fmedia&parent=11560"}],"wp:term":[{"taxonomy":"category","embeddable":true,"href":"https:\/\/zskarlino.pl\/index.php?rest_route=%2Fwp%2Fv2%2Fcategories&post=11560"},{"taxonomy":"post_tag","embeddable":true,"href":"https:\/\/zskarlino.pl\/index.php?rest_route=%2Fwp%2Fv2%2Ftags&post=11560"}],"curies":[{"name":"wp","href":"https:\/\/api.w.org\/{rel}","templated":true}]}}