{"id":11538,"date":"2020-02-05T11:55:39","date_gmt":"2020-02-05T10:55:39","guid":{"rendered":"http:\/\/zskarlino.pl\/?p=11538"},"modified":"2020-02-14T12:05:41","modified_gmt":"2020-02-14T11:05:41","slug":"dzien-nauki-polskiej-zawital-do-zs-karlino","status":"publish","type":"post","link":"https:\/\/zskarlino.pl\/?p=11538","title":{"rendered":"Dzie\u0144 Nauki Polskiej zawita\u0142 do ZS Karlino"},"content":{"rendered":"\n<ul class=\"wp-block-gallery alignright columns-3 is-cropped wp-block-gallery-1 is-layout-flex wp-block-gallery-is-layout-flex\"><li class=\"blocks-gallery-item\"><figure><a href=\"http:\/\/zskarlino.pl\/wp-content\/uploads\/2020\/02\/dzie\u0144-nauki4-1.jpg\" rel=\"lightbox[11538]\"><img loading=\"lazy\" decoding=\"async\" width=\"800\" height=\"370\" src=\"http:\/\/zskarlino.pl\/wp-content\/uploads\/2020\/02\/dzie\u0144-nauki4-1.jpg\" alt=\"\" data-id=\"11539\" data-link=\"http:\/\/zskarlino.pl\/?attachment_id=11539\" class=\"wp-image-11539\" srcset=\"https:\/\/zskarlino.pl\/wp-content\/uploads\/2020\/02\/dzie\u0144-nauki4-1.jpg 800w, https:\/\/zskarlino.pl\/wp-content\/uploads\/2020\/02\/dzie\u0144-nauki4-1-300x139.jpg 300w, https:\/\/zskarlino.pl\/wp-content\/uploads\/2020\/02\/dzie\u0144-nauki4-1-768x355.jpg 768w\" sizes=\"auto, (max-width: 800px) 100vw, 800px\" \/><\/a><\/figure><\/li><li class=\"blocks-gallery-item\"><figure><a href=\"http:\/\/zskarlino.pl\/wp-content\/uploads\/2020\/02\/dzie\u0144-nauki1-1.jpg\" rel=\"lightbox[11538]\"><img loading=\"lazy\" decoding=\"async\" width=\"800\" height=\"600\" src=\"http:\/\/zskarlino.pl\/wp-content\/uploads\/2020\/02\/dzie\u0144-nauki1-1.jpg\" alt=\"\" data-id=\"11540\" data-link=\"http:\/\/zskarlino.pl\/?attachment_id=11540\" class=\"wp-image-11540\" srcset=\"https:\/\/zskarlino.pl\/wp-content\/uploads\/2020\/02\/dzie\u0144-nauki1-1.jpg 800w, https:\/\/zskarlino.pl\/wp-content\/uploads\/2020\/02\/dzie\u0144-nauki1-1-300x225.jpg 300w, https:\/\/zskarlino.pl\/wp-content\/uploads\/2020\/02\/dzie\u0144-nauki1-1-768x576.jpg 768w\" sizes=\"auto, (max-width: 800px) 100vw, 800px\" \/><\/a><\/figure><\/li><li class=\"blocks-gallery-item\"><figure><a href=\"http:\/\/zskarlino.pl\/wp-content\/uploads\/2020\/02\/dzie\u0144-nauki3-1.jpg\" rel=\"lightbox[11538]\"><img loading=\"lazy\" decoding=\"async\" width=\"800\" height=\"370\" src=\"http:\/\/zskarlino.pl\/wp-content\/uploads\/2020\/02\/dzie\u0144-nauki3-1.jpg\" alt=\"\" data-id=\"11541\" data-link=\"http:\/\/zskarlino.pl\/?attachment_id=11541\" class=\"wp-image-11541\" srcset=\"https:\/\/zskarlino.pl\/wp-content\/uploads\/2020\/02\/dzie\u0144-nauki3-1.jpg 800w, https:\/\/zskarlino.pl\/wp-content\/uploads\/2020\/02\/dzie\u0144-nauki3-1-300x139.jpg 300w, https:\/\/zskarlino.pl\/wp-content\/uploads\/2020\/02\/dzie\u0144-nauki3-1-768x355.jpg 768w\" sizes=\"auto, (max-width: 800px) 100vw, 800px\" \/><\/a><\/figure><\/li><li class=\"blocks-gallery-item\"><figure><a href=\"http:\/\/zskarlino.pl\/wp-content\/uploads\/2020\/02\/dzie\u0144-nauki2-1.jpg\" rel=\"lightbox[11538]\"><img loading=\"lazy\" decoding=\"async\" width=\"800\" height=\"370\" src=\"http:\/\/zskarlino.pl\/wp-content\/uploads\/2020\/02\/dzie\u0144-nauki2-1.jpg\" alt=\"\" data-id=\"11542\" data-link=\"http:\/\/zskarlino.pl\/?attachment_id=11542\" class=\"wp-image-11542\" srcset=\"https:\/\/zskarlino.pl\/wp-content\/uploads\/2020\/02\/dzie\u0144-nauki2-1.jpg 800w, https:\/\/zskarlino.pl\/wp-content\/uploads\/2020\/02\/dzie\u0144-nauki2-1-300x139.jpg 300w, https:\/\/zskarlino.pl\/wp-content\/uploads\/2020\/02\/dzie\u0144-nauki2-1-768x355.jpg 768w\" sizes=\"auto, (max-width: 800px) 100vw, 800px\" \/><\/a><\/figure><\/li><li class=\"blocks-gallery-item\"><figure><a href=\"http:\/\/zskarlino.pl\/wp-content\/uploads\/2020\/02\/Za\u0142\u0105cznik-poczty-1.jpeg\" rel=\"lightbox[11538]\"><img loading=\"lazy\" decoding=\"async\" width=\"800\" height=\"399\" src=\"http:\/\/zskarlino.pl\/wp-content\/uploads\/2020\/02\/Za\u0142\u0105cznik-poczty-1.jpeg\" alt=\"\" data-id=\"11543\" data-link=\"http:\/\/zskarlino.pl\/?attachment_id=11543\" class=\"wp-image-11543\" srcset=\"https:\/\/zskarlino.pl\/wp-content\/uploads\/2020\/02\/Za\u0142\u0105cznik-poczty-1.jpeg 800w, https:\/\/zskarlino.pl\/wp-content\/uploads\/2020\/02\/Za\u0142\u0105cznik-poczty-1-300x150.jpeg 300w, https:\/\/zskarlino.pl\/wp-content\/uploads\/2020\/02\/Za\u0142\u0105cznik-poczty-1-768x383.jpeg 768w\" sizes=\"auto, (max-width: 800px) 100vw, 800px\" \/><\/a><\/figure><\/li><li class=\"blocks-gallery-item\"><figure><a href=\"http:\/\/zskarlino.pl\/wp-content\/uploads\/2020\/02\/dzie\u0144-nauki6-1.jpg\" rel=\"lightbox[11538]\"><img loading=\"lazy\" decoding=\"async\" width=\"800\" height=\"370\" src=\"http:\/\/zskarlino.pl\/wp-content\/uploads\/2020\/02\/dzie\u0144-nauki6-1.jpg\" alt=\"\" data-id=\"11544\" data-link=\"http:\/\/zskarlino.pl\/?attachment_id=11544\" class=\"wp-image-11544\" srcset=\"https:\/\/zskarlino.pl\/wp-content\/uploads\/2020\/02\/dzie\u0144-nauki6-1.jpg 800w, https:\/\/zskarlino.pl\/wp-content\/uploads\/2020\/02\/dzie\u0144-nauki6-1-300x139.jpg 300w, https:\/\/zskarlino.pl\/wp-content\/uploads\/2020\/02\/dzie\u0144-nauki6-1-768x355.jpg 768w\" sizes=\"auto, (max-width: 800px) 100vw, 800px\" \/><\/a><\/figure><\/li><li class=\"blocks-gallery-item\"><figure><a href=\"http:\/\/zskarlino.pl\/wp-content\/uploads\/2020\/02\/dzie\u0144-nauki5-1.jpg\" rel=\"lightbox[11538]\"><img loading=\"lazy\" decoding=\"async\" width=\"800\" height=\"370\" src=\"http:\/\/zskarlino.pl\/wp-content\/uploads\/2020\/02\/dzie\u0144-nauki5-1.jpg\" alt=\"\" data-id=\"11545\" data-link=\"http:\/\/zskarlino.pl\/?attachment_id=11545\" class=\"wp-image-11545\" srcset=\"https:\/\/zskarlino.pl\/wp-content\/uploads\/2020\/02\/dzie\u0144-nauki5-1.jpg 800w, https:\/\/zskarlino.pl\/wp-content\/uploads\/2020\/02\/dzie\u0144-nauki5-1-300x139.jpg 300w, https:\/\/zskarlino.pl\/wp-content\/uploads\/2020\/02\/dzie\u0144-nauki5-1-768x355.jpg 768w\" sizes=\"auto, (max-width: 800px) 100vw, 800px\" \/><\/a><\/figure><\/li><\/ul>\n\n\n\n<p>Dnia 3 lutego 2020 r. prezydent Polski Andrzej Duda podpisa\u0142 ustaw\u0119 ustanawiaj\u0105c\u0105 Dzie\u0144 Nauki Polskiej \u015bwi\u0119tem narodowym, kt\u00f3re co roku b\u0119dzie przypada\u0142o na 19 lutego, tj. na dzie\u0144 urodzin Miko\u0142aja Kopernika. <em>\u015awi\u0119to to ma by\u0107 wyrazem szacunku dla dokona\u0144 polskich naukowc\u00f3w, zar\u00f3wno czas\u00f3w minionych jak i wsp\u00f3\u0142czesnych oraz ma stanowi\u0107 inspiracj\u0119 dla m\u0142odzie\u017cy do p\u00f3j\u015bcia w ich \u015blady<\/em> \u2013 zaznaczy\u0142 ustawodawca \u2013 wymieniaj\u0105c tu takich uczonych jak Miko\u0142aj Kopernik, Jan Heweliusz, Ignacy \u0141ukasiewicz, Karol Olszewski, Zygmunt Wr\u00f3blewski, Maria Sk\u0142odowska-Curie, Henryk Arctowski, Jan Czochralski, Stefan Banach, Ludwik Hirszfeld i wielu, wielu innych, tych mniej lub bardziej znanych.<\/p>\n\n\n\n<p>Aby wi\u0119c uczci\u0107 naszych znanych rodak\u00f3w, ich d\u0105\u017cenie do doskonalenia \u015bwiata\u00a0<br>i przekazywania wiedzy kolejnym pokoleniom, uczniowie klasy I technikum grafiki\u00a0i poligrafii cyfrowej w Karlinie, przygotowali wystaw\u0119 oraz prezentacj\u0119 20 najbardziej znanych wynalazk\u00f3w, w kt\u00f3rych stworzeniu brali nasi naukowcy. Prezentacji towarzyszy\u0142 konkurs wiedzy, kt\u00f3ry wszyscy zdali celuj\u0105co, za co otrzymaj\u0105 szczeg\u00f3ln\u0105 nagrod\u0119 po powrocie z ferii.<\/p>\n\n\n\n<p style=\"text-align:right\"><em>Renata Piszak-Walczykowska<\/em><\/p>\n","protected":false},"excerpt":{"rendered":"<p>Dnia 3 lutego 2020 r. prezydent Polski Andrzej Duda podpisa\u0142 ustaw\u0119 ustanawiaj\u0105c\u0105 Dzie\u0144 Nauki Polskiej \u015bwi\u0119tem narodowym, kt\u00f3re co roku b\u0119dzie przypada\u0142o na 19 lutego, tj. na dzie\u0144 urodzin Miko\u0142aja Kopernika. \u015awi\u0119to to ma by\u0107 wyrazem szacunku dla dokona\u0144 polskich naukowc\u00f3w, zar\u00f3wno czas\u00f3w minionych jak i wsp\u00f3\u0142czesnych oraz ma stanowi\u0107 inspiracj\u0119 dla m\u0142odzie\u017cy do p\u00f3j\u015bcia &hellip; <\/p>\n<p><a class=\"more-link btn\" href=\"https:\/\/zskarlino.pl\/?p=11538\">Czytaj dalej<\/a><\/p>\n","protected":false},"author":6,"featured_media":11545,"comment_status":"closed","ping_status":"closed","sticky":false,"template":"","format":"standard","meta":{"footnotes":""},"categories":[3],"tags":[],"class_list":["post-11538","post","type-post","status-publish","format-standard","has-post-thumbnail","hentry","category-wydarzenia","item-wrap"],"_links":{"self":[{"href":"https:\/\/zskarlino.pl\/index.php?rest_route=\/wp\/v2\/posts\/11538","targetHints":{"allow":["GET"]}}],"collection":[{"href":"https:\/\/zskarlino.pl\/index.php?rest_route=\/wp\/v2\/posts"}],"about":[{"href":"https:\/\/zskarlino.pl\/index.php?rest_route=\/wp\/v2\/types\/post"}],"author":[{"embeddable":true,"href":"https:\/\/zskarlino.pl\/index.php?rest_route=\/wp\/v2\/users\/6"}],"replies":[{"embeddable":true,"href":"https:\/\/zskarlino.pl\/index.php?rest_route=%2Fwp%2Fv2%2Fcomments&post=11538"}],"version-history":[{"count":1,"href":"https:\/\/zskarlino.pl\/index.php?rest_route=\/wp\/v2\/posts\/11538\/revisions"}],"predecessor-version":[{"id":11546,"href":"https:\/\/zskarlino.pl\/index.php?rest_route=\/wp\/v2\/posts\/11538\/revisions\/11546"}],"wp:featuredmedia":[{"embeddable":true,"href":"https:\/\/zskarlino.pl\/index.php?rest_route=\/wp\/v2\/media\/11545"}],"wp:attachment":[{"href":"https:\/\/zskarlino.pl\/index.php?rest_route=%2Fwp%2Fv2%2Fmedia&parent=11538"}],"wp:term":[{"taxonomy":"category","embeddable":true,"href":"https:\/\/zskarlino.pl\/index.php?rest_route=%2Fwp%2Fv2%2Fcategories&post=11538"},{"taxonomy":"post_tag","embeddable":true,"href":"https:\/\/zskarlino.pl\/index.php?rest_route=%2Fwp%2Fv2%2Ftags&post=11538"}],"curies":[{"name":"wp","href":"https:\/\/api.w.org\/{rel}","templated":true}]}}