{"id":11533,"date":"2020-02-07T16:49:53","date_gmt":"2020-02-07T15:49:53","guid":{"rendered":"http:\/\/zskarlino.pl\/?p=11533"},"modified":"2020-06-11T18:45:06","modified_gmt":"2020-06-11T16:45:06","slug":"podsumowanie-i-polrocza-2019-2020","status":"publish","type":"post","link":"https:\/\/zskarlino.pl\/?p=11533","title":{"rendered":"Podsumowanie I p\u00f3\u0142rocza 2019\/2020"},"content":{"rendered":"\n<p>Gratuluj\u0119 wszystkim, kt\u00f3rzy odnie\u015bli sukcesy, i te naukowe, sportowe, ale i towarzyskie! Mieli\u015bmy wiele okazji do wsp\u00f3lnego sp\u0119dzania czasu w szkole i poza ni\u0105, tak\u017ce w nietypowy spos\u00f3b dzi\u0119ki naszym projektom edukacyjnym &#8211; Razem w Zawodow\u0105 Przysz\u0142o\u015b\u0107 &#8211; BIS!&#8221; oraz &#8222;Two Faces of Technology: Isolation or Opportunities&#8221;<\/p>\n\n\n\n<p>Poni\u017cej zamieszczam prezentacj\u0119, autorstwa pani Renaty Piszak-Walczykowskiej, z podsumowania I p\u00f3\u0142rocza, z kt\u00f3r\u0105 uczniowie mogli pozna\u0107 si\u0119 podczas spotkania spo\u0142eczno\u015bci szkolnej. Wiele si\u0119 dzia\u0142o, wi\u0119c warto sobie przypomnie\u0107 nasz\u0105 aktywno\u015b\u0107. A jeszcze wi\u0119cej nas czeka do ko\u0144ca roku szkolnego! Powodzenia!<\/p>\n\n\n\n<p class=\"has-text-align-right\">Justyna Syga<\/p>\n\n\n\n<div class=\"wp-block-file\"><a href=\"http:\/\/zskarlino.pl\/wp-content\/uploads\/2020\/02\/Podsumowanie-I-p\u00f3\u0142rocza-2019_20.pdf\">Podsumowanie-I-p\u00f3\u0142rocza-2019_20<\/a><a href=\"http:\/\/zskarlino.pl\/wp-content\/uploads\/2020\/02\/Podsumowanie-I-p\u00f3\u0142rocza-2019_20.pdf\" class=\"wp-block-file__button\" download>Pobierz<\/a><\/div>\n","protected":false},"excerpt":{"rendered":"<p>Gratuluj\u0119 wszystkim, kt\u00f3rzy odnie\u015bli sukcesy, i te naukowe, sportowe, ale i towarzyskie! Mieli\u015bmy wiele okazji do wsp\u00f3lnego sp\u0119dzania czasu w szkole i poza ni\u0105, tak\u017ce w nietypowy spos\u00f3b dzi\u0119ki naszym projektom edukacyjnym &#8211; Razem w Zawodow\u0105 Przysz\u0142o\u015b\u0107 &#8211; BIS!&#8221; oraz &#8222;Two Faces of Technology: Isolation or Opportunities&#8221; Poni\u017cej zamieszczam prezentacj\u0119, autorstwa pani Renaty Piszak-Walczykowskiej, z &hellip; <\/p>\n<p><a class=\"more-link btn\" href=\"https:\/\/zskarlino.pl\/?p=11533\">Czytaj dalej<\/a><\/p>\n","protected":false},"author":8,"featured_media":0,"comment_status":"closed","ping_status":"closed","sticky":false,"template":"","format":"standard","meta":{"footnotes":""},"categories":[3],"tags":[],"class_list":["post-11533","post","type-post","status-publish","format-standard","hentry","category-wydarzenia","item-wrap"],"_links":{"self":[{"href":"https:\/\/zskarlino.pl\/index.php?rest_route=\/wp\/v2\/posts\/11533","targetHints":{"allow":["GET"]}}],"collection":[{"href":"https:\/\/zskarlino.pl\/index.php?rest_route=\/wp\/v2\/posts"}],"about":[{"href":"https:\/\/zskarlino.pl\/index.php?rest_route=\/wp\/v2\/types\/post"}],"author":[{"embeddable":true,"href":"https:\/\/zskarlino.pl\/index.php?rest_route=\/wp\/v2\/users\/8"}],"replies":[{"embeddable":true,"href":"https:\/\/zskarlino.pl\/index.php?rest_route=%2Fwp%2Fv2%2Fcomments&post=11533"}],"version-history":[{"count":3,"href":"https:\/\/zskarlino.pl\/index.php?rest_route=\/wp\/v2\/posts\/11533\/revisions"}],"predecessor-version":[{"id":17153,"href":"https:\/\/zskarlino.pl\/index.php?rest_route=\/wp\/v2\/posts\/11533\/revisions\/17153"}],"wp:attachment":[{"href":"https:\/\/zskarlino.pl\/index.php?rest_route=%2Fwp%2Fv2%2Fmedia&parent=11533"}],"wp:term":[{"taxonomy":"category","embeddable":true,"href":"https:\/\/zskarlino.pl\/index.php?rest_route=%2Fwp%2Fv2%2Fcategories&post=11533"},{"taxonomy":"post_tag","embeddable":true,"href":"https:\/\/zskarlino.pl\/index.php?rest_route=%2Fwp%2Fv2%2Ftags&post=11533"}],"curies":[{"name":"wp","href":"https:\/\/api.w.org\/{rel}","templated":true}]}}