{"id":11498,"date":"2020-02-04T22:47:37","date_gmt":"2020-02-04T21:47:37","guid":{"rendered":"http:\/\/zskarlino.pl\/?p=11498"},"modified":"2020-02-04T22:47:38","modified_gmt":"2020-02-04T21:47:38","slug":"dzien-bezpiecznego-internetu-2020","status":"publish","type":"post","link":"https:\/\/zskarlino.pl\/?p=11498","title":{"rendered":"Dzie\u0144 Bezpiecznego Internetu 2020"},"content":{"rendered":"\n<p>11 lutego obchodzimy Dzie\u0144 Bezpiecznego Internetu. W tym roku DBI odbywa si\u0119 pod has\u0142em &#8222;Dzie\u0144 Bezpiecznego Internetu: Dzia\u0142ajmy razem!&#8221;<\/p>\n\n\n\n<figure class=\"wp-block-image\"><img loading=\"lazy\" decoding=\"async\" width=\"737\" height=\"1024\" src=\"http:\/\/zskarlino.pl\/wp-content\/uploads\/2020\/02\/DBI2020_plakat_V2-737x1024.jpg\" alt=\"\" class=\"wp-image-11499\" srcset=\"https:\/\/zskarlino.pl\/wp-content\/uploads\/2020\/02\/DBI2020_plakat_V2-737x1024.jpg 737w, https:\/\/zskarlino.pl\/wp-content\/uploads\/2020\/02\/DBI2020_plakat_V2-216x300.jpg 216w, https:\/\/zskarlino.pl\/wp-content\/uploads\/2020\/02\/DBI2020_plakat_V2-768x1067.jpg 768w\" sizes=\"auto, (max-width: 737px) 100vw, 737px\" \/><\/figure>\n\n\n\n<figure class=\"wp-block-image\"><img loading=\"lazy\" decoding=\"async\" width=\"729\" height=\"1024\" src=\"http:\/\/zskarlino.pl\/wp-content\/uploads\/2020\/02\/DBI2020_plakat_zasady_A2_V2-729x1024.jpg\" alt=\"\" class=\"wp-image-11500\" srcset=\"https:\/\/zskarlino.pl\/wp-content\/uploads\/2020\/02\/DBI2020_plakat_zasady_A2_V2-729x1024.jpg 729w, https:\/\/zskarlino.pl\/wp-content\/uploads\/2020\/02\/DBI2020_plakat_zasady_A2_V2-214x300.jpg 214w, https:\/\/zskarlino.pl\/wp-content\/uploads\/2020\/02\/DBI2020_plakat_zasady_A2_V2-768x1079.jpg 768w\" sizes=\"auto, (max-width: 729px) 100vw, 729px\" \/><\/figure>\n","protected":false},"excerpt":{"rendered":"<p>11 lutego obchodzimy Dzie\u0144 Bezpiecznego Internetu. W tym roku DBI odbywa si\u0119 pod has\u0142em &#8222;Dzie\u0144 Bezpiecznego Internetu: Dzia\u0142ajmy razem!&#8221;<\/p>\n","protected":false},"author":6,"featured_media":0,"comment_status":"closed","ping_status":"closed","sticky":false,"template":"","format":"standard","meta":{"footnotes":""},"categories":[3],"tags":[],"class_list":["post-11498","post","type-post","status-publish","format-standard","hentry","category-wydarzenia","item-wrap"],"_links":{"self":[{"href":"https:\/\/zskarlino.pl\/index.php?rest_route=\/wp\/v2\/posts\/11498","targetHints":{"allow":["GET"]}}],"collection":[{"href":"https:\/\/zskarlino.pl\/index.php?rest_route=\/wp\/v2\/posts"}],"about":[{"href":"https:\/\/zskarlino.pl\/index.php?rest_route=\/wp\/v2\/types\/post"}],"author":[{"embeddable":true,"href":"https:\/\/zskarlino.pl\/index.php?rest_route=\/wp\/v2\/users\/6"}],"replies":[{"embeddable":true,"href":"https:\/\/zskarlino.pl\/index.php?rest_route=%2Fwp%2Fv2%2Fcomments&post=11498"}],"version-history":[{"count":1,"href":"https:\/\/zskarlino.pl\/index.php?rest_route=\/wp\/v2\/posts\/11498\/revisions"}],"predecessor-version":[{"id":11501,"href":"https:\/\/zskarlino.pl\/index.php?rest_route=\/wp\/v2\/posts\/11498\/revisions\/11501"}],"wp:attachment":[{"href":"https:\/\/zskarlino.pl\/index.php?rest_route=%2Fwp%2Fv2%2Fmedia&parent=11498"}],"wp:term":[{"taxonomy":"category","embeddable":true,"href":"https:\/\/zskarlino.pl\/index.php?rest_route=%2Fwp%2Fv2%2Fcategories&post=11498"},{"taxonomy":"post_tag","embeddable":true,"href":"https:\/\/zskarlino.pl\/index.php?rest_route=%2Fwp%2Fv2%2Ftags&post=11498"}],"curies":[{"name":"wp","href":"https:\/\/api.w.org\/{rel}","templated":true}]}}