{"id":11491,"date":"2020-01-28T18:21:11","date_gmt":"2020-01-28T17:21:11","guid":{"rendered":"http:\/\/zskarlino.pl\/?p=11491"},"modified":"2020-01-31T18:30:55","modified_gmt":"2020-01-31T17:30:55","slug":"warsztaty-profilaktyczne","status":"publish","type":"post","link":"https:\/\/zskarlino.pl\/?p=11491","title":{"rendered":"Warsztaty profilaktyczne"},"content":{"rendered":"\n<ul class=\"wp-block-gallery columns-3 is-cropped wp-block-gallery-1 is-layout-flex wp-block-gallery-is-layout-flex\"><li class=\"blocks-gallery-item\"><figure><img loading=\"lazy\" decoding=\"async\" width=\"800\" height=\"800\" src=\"http:\/\/zskarlino.pl\/wp-content\/uploads\/2020\/01\/DFEF6F7A-84C6-459A-9658-845761E4FC25.jpg\" alt=\"\" data-id=\"11492\" data-link=\"http:\/\/zskarlino.pl\/?attachment_id=11492\" class=\"wp-image-11492\" srcset=\"https:\/\/zskarlino.pl\/wp-content\/uploads\/2020\/01\/DFEF6F7A-84C6-459A-9658-845761E4FC25.jpg 800w, https:\/\/zskarlino.pl\/wp-content\/uploads\/2020\/01\/DFEF6F7A-84C6-459A-9658-845761E4FC25-150x150.jpg 150w, https:\/\/zskarlino.pl\/wp-content\/uploads\/2020\/01\/DFEF6F7A-84C6-459A-9658-845761E4FC25-300x300.jpg 300w, https:\/\/zskarlino.pl\/wp-content\/uploads\/2020\/01\/DFEF6F7A-84C6-459A-9658-845761E4FC25-768x768.jpg 768w\" sizes=\"auto, (max-width: 800px) 100vw, 800px\" \/><\/figure><\/li><li class=\"blocks-gallery-item\"><figure><img loading=\"lazy\" decoding=\"async\" width=\"800\" height=\"800\" src=\"http:\/\/zskarlino.pl\/wp-content\/uploads\/2020\/01\/IMG_7507.jpg\" alt=\"\" data-id=\"11493\" data-link=\"http:\/\/zskarlino.pl\/?attachment_id=11493\" class=\"wp-image-11493\" srcset=\"https:\/\/zskarlino.pl\/wp-content\/uploads\/2020\/01\/IMG_7507.jpg 800w, https:\/\/zskarlino.pl\/wp-content\/uploads\/2020\/01\/IMG_7507-150x150.jpg 150w, https:\/\/zskarlino.pl\/wp-content\/uploads\/2020\/01\/IMG_7507-300x300.jpg 300w, https:\/\/zskarlino.pl\/wp-content\/uploads\/2020\/01\/IMG_7507-768x768.jpg 768w\" sizes=\"auto, (max-width: 800px) 100vw, 800px\" \/><\/figure><\/li><li class=\"blocks-gallery-item\"><figure><img loading=\"lazy\" decoding=\"async\" width=\"800\" height=\"800\" src=\"http:\/\/zskarlino.pl\/wp-content\/uploads\/2020\/01\/IMG_7510.jpg\" alt=\"\" data-id=\"11494\" data-link=\"http:\/\/zskarlino.pl\/?attachment_id=11494\" class=\"wp-image-11494\" srcset=\"https:\/\/zskarlino.pl\/wp-content\/uploads\/2020\/01\/IMG_7510.jpg 800w, https:\/\/zskarlino.pl\/wp-content\/uploads\/2020\/01\/IMG_7510-150x150.jpg 150w, https:\/\/zskarlino.pl\/wp-content\/uploads\/2020\/01\/IMG_7510-300x300.jpg 300w, https:\/\/zskarlino.pl\/wp-content\/uploads\/2020\/01\/IMG_7510-768x768.jpg 768w\" sizes=\"auto, (max-width: 800px) 100vw, 800px\" \/><\/figure><\/li><li class=\"blocks-gallery-item\"><figure><img loading=\"lazy\" decoding=\"async\" width=\"800\" height=\"800\" src=\"http:\/\/zskarlino.pl\/wp-content\/uploads\/2020\/01\/IMG_7511.jpg\" alt=\"\" data-id=\"11495\" data-link=\"http:\/\/zskarlino.pl\/?attachment_id=11495\" class=\"wp-image-11495\" srcset=\"https:\/\/zskarlino.pl\/wp-content\/uploads\/2020\/01\/IMG_7511.jpg 800w, https:\/\/zskarlino.pl\/wp-content\/uploads\/2020\/01\/IMG_7511-150x150.jpg 150w, https:\/\/zskarlino.pl\/wp-content\/uploads\/2020\/01\/IMG_7511-300x300.jpg 300w, https:\/\/zskarlino.pl\/wp-content\/uploads\/2020\/01\/IMG_7511-768x768.jpg 768w\" sizes=\"auto, (max-width: 800px) 100vw, 800px\" \/><\/figure><\/li><\/ul>\n\n\n\n<p>Ju\u017c po\u00a0\u00a0raz kolejny uczniowie Zespo\u0142u Szk\u00f3\u0142 w Karlinie mogli uczestniczy\u0107 w warsztatach prowadzonych przez Pani\u0105 psycholog Ew\u0119 Cieszko-Kowalsk\u0105 z Poradni Psychologiczno-Pedagogicznej w Bia\u0142ogardzie. W zaj\u0119ciach uczestniczyli uczniowie klasy I Technikum o profilu mechatronicznym oraz I Bran\u017cowej Szko\u0142y I stopnia. Spotkania porusza\u0142y tematyk\u0119 zwi\u0105zan\u0105 z samookaleczaniem si\u0119 oraz mechanizmami uzale\u017cnie\u0144 i zagro\u017ceniami zwi\u0105zanymi ze stosowaniem substancji psychoaktywnych. Uczniowie dowiedzieli si\u0119 miedzy innymi, czym jest samookaleczanie, jakie s\u0105 jego przyczyny, jakie pe\u0142ni funkcje, obalali mity dotycz\u0105ce samookalecze\u0144, poznali konstruktywne sposoby radzenia sobie z napi\u0119ciem emocjonalnym i dowiedzieli si\u0119 o mo\u017cliwych sposobach wsparcia. Zmierzyli si\u0119 r\u00f3wnie\u017c z trudnym tematem, jakim jest uzale\u017cnienie. Ustalali, jakie s\u0105 wsp\u00f3\u0142czesne uzale\u017cnienia i jakie niebezpiecze\u0144stwa zwi\u0105zanie s\u0105 ze stosowaniem substancji psychoaktywnych.<\/p>\n\n\n\n<p>Bardzo dzi\u0119kujemy pani psycholog za czas i zaanga\u017cowanie w zaj\u0119cia.<\/p>\n","protected":false},"excerpt":{"rendered":"<p>Ju\u017c po\u00a0\u00a0raz kolejny uczniowie Zespo\u0142u Szk\u00f3\u0142 w Karlinie mogli uczestniczy\u0107 w warsztatach prowadzonych przez Pani\u0105 psycholog Ew\u0119 Cieszko-Kowalsk\u0105 z Poradni Psychologiczno-Pedagogicznej w Bia\u0142ogardzie. W zaj\u0119ciach uczestniczyli uczniowie klasy I Technikum o profilu mechatronicznym oraz I Bran\u017cowej Szko\u0142y I stopnia. Spotkania porusza\u0142y tematyk\u0119 zwi\u0105zan\u0105 z samookaleczaniem si\u0119 oraz mechanizmami uzale\u017cnie\u0144 i zagro\u017ceniami zwi\u0105zanymi ze stosowaniem substancji &hellip; <\/p>\n<p><a class=\"more-link btn\" href=\"https:\/\/zskarlino.pl\/?p=11491\">Czytaj dalej<\/a><\/p>\n","protected":false},"author":6,"featured_media":11494,"comment_status":"closed","ping_status":"closed","sticky":false,"template":"","format":"standard","meta":{"footnotes":""},"categories":[3],"tags":[],"class_list":["post-11491","post","type-post","status-publish","format-standard","has-post-thumbnail","hentry","category-wydarzenia","item-wrap"],"_links":{"self":[{"href":"https:\/\/zskarlino.pl\/index.php?rest_route=\/wp\/v2\/posts\/11491","targetHints":{"allow":["GET"]}}],"collection":[{"href":"https:\/\/zskarlino.pl\/index.php?rest_route=\/wp\/v2\/posts"}],"about":[{"href":"https:\/\/zskarlino.pl\/index.php?rest_route=\/wp\/v2\/types\/post"}],"author":[{"embeddable":true,"href":"https:\/\/zskarlino.pl\/index.php?rest_route=\/wp\/v2\/users\/6"}],"replies":[{"embeddable":true,"href":"https:\/\/zskarlino.pl\/index.php?rest_route=%2Fwp%2Fv2%2Fcomments&post=11491"}],"version-history":[{"count":1,"href":"https:\/\/zskarlino.pl\/index.php?rest_route=\/wp\/v2\/posts\/11491\/revisions"}],"predecessor-version":[{"id":11496,"href":"https:\/\/zskarlino.pl\/index.php?rest_route=\/wp\/v2\/posts\/11491\/revisions\/11496"}],"wp:featuredmedia":[{"embeddable":true,"href":"https:\/\/zskarlino.pl\/index.php?rest_route=\/wp\/v2\/media\/11494"}],"wp:attachment":[{"href":"https:\/\/zskarlino.pl\/index.php?rest_route=%2Fwp%2Fv2%2Fmedia&parent=11491"}],"wp:term":[{"taxonomy":"category","embeddable":true,"href":"https:\/\/zskarlino.pl\/index.php?rest_route=%2Fwp%2Fv2%2Fcategories&post=11491"},{"taxonomy":"post_tag","embeddable":true,"href":"https:\/\/zskarlino.pl\/index.php?rest_route=%2Fwp%2Fv2%2Ftags&post=11491"}],"curies":[{"name":"wp","href":"https:\/\/api.w.org\/{rel}","templated":true}]}}