{"id":11408,"date":"2019-12-13T00:00:38","date_gmt":"2019-12-12T23:00:38","guid":{"rendered":"http:\/\/zskarlino.pl\/?p=11408"},"modified":"2019-12-13T00:00:39","modified_gmt":"2019-12-12T23:00:39","slug":"akcja-samorzadu-uczniowskiego-przygarniemy-ksiazki","status":"publish","type":"post","link":"https:\/\/zskarlino.pl\/?p=11408","title":{"rendered":"Akcja Samorz\u0105du Uczniowskiego &#8211; &#8222;Przygarniemy ksi\u0105\u017cki&#8221;"},"content":{"rendered":"\n<figure class=\"wp-block-image\"><img loading=\"lazy\" decoding=\"async\" width=\"800\" height=\"419\" src=\"http:\/\/zskarlino.pl\/wp-content\/uploads\/2019\/12\/IMG_A3577D5CB826-1-kopia.jpeg\" alt=\"\" class=\"wp-image-11410\" srcset=\"https:\/\/zskarlino.pl\/wp-content\/uploads\/2019\/12\/IMG_A3577D5CB826-1-kopia.jpeg 800w, https:\/\/zskarlino.pl\/wp-content\/uploads\/2019\/12\/IMG_A3577D5CB826-1-kopia-300x157.jpeg 300w, https:\/\/zskarlino.pl\/wp-content\/uploads\/2019\/12\/IMG_A3577D5CB826-1-kopia-768x402.jpeg 768w\" sizes=\"auto, (max-width: 800px) 100vw, 800px\" \/><\/figure>\n\n\n\n<p>Szanowni Rodzice, Drodzy Uczniowie, Przyjaciele Zespo\u0142u Szk\u00f3\u0142 w Karlinie, zwracamy si\u0119 do Was z wielk\u0105 pro\u015bb\u0105. Zbli\u017caj\u0105 si\u0119 \u015bwi\u0119ta Bo\u017cego Narodzenia chwile szczeg\u00f3lne, kt\u00f3re poprzedzaj\u0105 wielkie porz\u0105dki. By\u0107 mo\u017ce zrobili\u015bcie ju\u017c porz\u0105dek na swoich p\u00f3lkach z ksi\u0105\u017ckami i doszli\u015bcie do wniosku, \u017ce mo\u017cecie si\u0119 z niekt\u00f3rymi po\u017cegna\u0107. My je ch\u0119tnie przygarniemy i zaopiekujemy si\u0119 nimi. Prosimy o dary do biblioteki szkolnej. Przyjmiemy egzemplarze w dobrym stanie, z kt\u00f3rych mo\u017cna jeszcze korzysta\u0107. Mog\u0105 to by\u0107 leksykony, encyklopedie, s\u0142owniki, pozycje popularnonaukowe oraz z literatura pi\u0119kna &#8211; lektury i do poczytania. <\/p>\n\n\n\n<p>Za prezenty z g\u00f3ry dzi\u0119kujemy. Ksi\u0105\u017cki przygarniamy w sali nr 6 i 202 oraz w bibliotece.\u00a0<br><\/p>\n\n\n\n<p style=\"text-align:right\">Samorz\u0105d Uczniowski i opiekunki &#8211; G. Chwieduk i E. Marunowska.<\/p>\n","protected":false},"excerpt":{"rendered":"<p>Szanowni Rodzice, Drodzy Uczniowie, Przyjaciele Zespo\u0142u Szk\u00f3\u0142 w Karlinie, zwracamy si\u0119 do Was z wielk\u0105 pro\u015bb\u0105. Zbli\u017caj\u0105 si\u0119 \u015bwi\u0119ta Bo\u017cego Narodzenia chwile szczeg\u00f3lne, kt\u00f3re poprzedzaj\u0105 wielkie porz\u0105dki. By\u0107 mo\u017ce zrobili\u015bcie ju\u017c porz\u0105dek na swoich p\u00f3lkach z ksi\u0105\u017ckami i doszli\u015bcie do wniosku, \u017ce mo\u017cecie si\u0119 z niekt\u00f3rymi po\u017cegna\u0107. My je ch\u0119tnie przygarniemy i zaopiekujemy si\u0119 nimi. &hellip; <\/p>\n<p><a class=\"more-link btn\" href=\"https:\/\/zskarlino.pl\/?p=11408\">Czytaj dalej<\/a><\/p>\n","protected":false},"author":6,"featured_media":0,"comment_status":"closed","ping_status":"closed","sticky":false,"template":"","format":"standard","meta":{"footnotes":""},"categories":[3],"tags":[],"class_list":["post-11408","post","type-post","status-publish","format-standard","hentry","category-wydarzenia","item-wrap"],"_links":{"self":[{"href":"https:\/\/zskarlino.pl\/index.php?rest_route=\/wp\/v2\/posts\/11408","targetHints":{"allow":["GET"]}}],"collection":[{"href":"https:\/\/zskarlino.pl\/index.php?rest_route=\/wp\/v2\/posts"}],"about":[{"href":"https:\/\/zskarlino.pl\/index.php?rest_route=\/wp\/v2\/types\/post"}],"author":[{"embeddable":true,"href":"https:\/\/zskarlino.pl\/index.php?rest_route=\/wp\/v2\/users\/6"}],"replies":[{"embeddable":true,"href":"https:\/\/zskarlino.pl\/index.php?rest_route=%2Fwp%2Fv2%2Fcomments&post=11408"}],"version-history":[{"count":1,"href":"https:\/\/zskarlino.pl\/index.php?rest_route=\/wp\/v2\/posts\/11408\/revisions"}],"predecessor-version":[{"id":11411,"href":"https:\/\/zskarlino.pl\/index.php?rest_route=\/wp\/v2\/posts\/11408\/revisions\/11411"}],"wp:attachment":[{"href":"https:\/\/zskarlino.pl\/index.php?rest_route=%2Fwp%2Fv2%2Fmedia&parent=11408"}],"wp:term":[{"taxonomy":"category","embeddable":true,"href":"https:\/\/zskarlino.pl\/index.php?rest_route=%2Fwp%2Fv2%2Fcategories&post=11408"},{"taxonomy":"post_tag","embeddable":true,"href":"https:\/\/zskarlino.pl\/index.php?rest_route=%2Fwp%2Fv2%2Ftags&post=11408"}],"curies":[{"name":"wp","href":"https:\/\/api.w.org\/{rel}","templated":true}]}}