{"id":11394,"date":"2019-12-02T23:32:14","date_gmt":"2019-12-02T22:32:14","guid":{"rendered":"http:\/\/zskarlino.pl\/?p=11394"},"modified":"2019-12-12T23:39:00","modified_gmt":"2019-12-12T22:39:00","slug":"erasmus-z-wizyta-w-turcji","status":"publish","type":"post","link":"https:\/\/zskarlino.pl\/?p=11394","title":{"rendered":"Erasmus+ z wizyt\u0105 w Turcji"},"content":{"rendered":"\n<ul class=\"wp-block-gallery columns-3 is-cropped wp-block-gallery-1 is-layout-flex wp-block-gallery-is-layout-flex\"><li class=\"blocks-gallery-item\"><figure><img loading=\"lazy\" decoding=\"async\" width=\"1024\" height=\"473\" src=\"http:\/\/zskarlino.pl\/wp-content\/uploads\/2019\/12\/Tradycyjna-turecka-potrawa-1024x473.jpg\" alt=\"\" data-id=\"11382\" data-link=\"http:\/\/zskarlino.pl\/?attachment_id=11382\" class=\"wp-image-11382\" srcset=\"https:\/\/zskarlino.pl\/wp-content\/uploads\/2019\/12\/Tradycyjna-turecka-potrawa-1024x473.jpg 1024w, https:\/\/zskarlino.pl\/wp-content\/uploads\/2019\/12\/Tradycyjna-turecka-potrawa-300x139.jpg 300w, https:\/\/zskarlino.pl\/wp-content\/uploads\/2019\/12\/Tradycyjna-turecka-potrawa-768x355.jpg 768w, https:\/\/zskarlino.pl\/wp-content\/uploads\/2019\/12\/Tradycyjna-turecka-potrawa.jpg 1734w\" sizes=\"auto, (max-width: 1024px) 100vw, 1024px\" \/><\/figure><\/li><li class=\"blocks-gallery-item\"><figure><img loading=\"lazy\" decoding=\"async\" width=\"1024\" height=\"576\" src=\"http:\/\/zskarlino.pl\/wp-content\/uploads\/2019\/12\/Uczestnicy-pierwszej-mobilno\u015bci-przed-szko\u0142\u0105-goszcz\u0105c\u0105-w-Adiyaman-1024x576.jpg\" alt=\"\" data-id=\"11390\" data-link=\"http:\/\/zskarlino.pl\/?attachment_id=11390\" class=\"wp-image-11390\" srcset=\"https:\/\/zskarlino.pl\/wp-content\/uploads\/2019\/12\/Uczestnicy-pierwszej-mobilno\u015bci-przed-szko\u0142\u0105-goszcz\u0105c\u0105-w-Adiyaman-1024x576.jpg 1024w, https:\/\/zskarlino.pl\/wp-content\/uploads\/2019\/12\/Uczestnicy-pierwszej-mobilno\u015bci-przed-szko\u0142\u0105-goszcz\u0105c\u0105-w-Adiyaman-300x169.jpg 300w, https:\/\/zskarlino.pl\/wp-content\/uploads\/2019\/12\/Uczestnicy-pierwszej-mobilno\u015bci-przed-szko\u0142\u0105-goszcz\u0105c\u0105-w-Adiyaman-768x432.jpg 768w\" sizes=\"auto, (max-width: 1024px) 100vw, 1024px\" \/><\/figure><\/li><li class=\"blocks-gallery-item\"><figure><img loading=\"lazy\" decoding=\"async\" width=\"1024\" height=\"576\" src=\"http:\/\/zskarlino.pl\/wp-content\/uploads\/2019\/12\/Turniej-w-Gry-Kasyczne-1024x576.jpg\" alt=\"\" data-id=\"11389\" data-link=\"http:\/\/zskarlino.pl\/?attachment_id=11389\" class=\"wp-image-11389\" srcset=\"https:\/\/zskarlino.pl\/wp-content\/uploads\/2019\/12\/Turniej-w-Gry-Kasyczne-1024x576.jpg 1024w, https:\/\/zskarlino.pl\/wp-content\/uploads\/2019\/12\/Turniej-w-Gry-Kasyczne-300x169.jpg 300w, https:\/\/zskarlino.pl\/wp-content\/uploads\/2019\/12\/Turniej-w-Gry-Kasyczne-768x432.jpg 768w, https:\/\/zskarlino.pl\/wp-content\/uploads\/2019\/12\/Turniej-w-Gry-Kasyczne.jpg 1734w\" sizes=\"auto, (max-width: 1024px) 100vw, 1024px\" \/><\/figure><\/li><li class=\"blocks-gallery-item\"><figure><img loading=\"lazy\" decoding=\"async\" width=\"1024\" height=\"768\" src=\"http:\/\/zskarlino.pl\/wp-content\/uploads\/2019\/12\/Stambu\u0142_Pa\u0142ac-Top-Kapi-1024x768.jpg\" alt=\"\" data-id=\"11381\" data-link=\"http:\/\/zskarlino.pl\/?attachment_id=11381\" class=\"wp-image-11381\" srcset=\"https:\/\/zskarlino.pl\/wp-content\/uploads\/2019\/12\/Stambu\u0142_Pa\u0142ac-Top-Kapi-1024x768.jpg 1024w, https:\/\/zskarlino.pl\/wp-content\/uploads\/2019\/12\/Stambu\u0142_Pa\u0142ac-Top-Kapi-300x225.jpg 300w, https:\/\/zskarlino.pl\/wp-content\/uploads\/2019\/12\/Stambu\u0142_Pa\u0142ac-Top-Kapi-768x576.jpg 768w\" sizes=\"auto, (max-width: 1024px) 100vw, 1024px\" \/><\/figure><\/li><li class=\"blocks-gallery-item\"><figure><img loading=\"lazy\" decoding=\"async\" width=\"1024\" height=\"576\" src=\"http:\/\/zskarlino.pl\/wp-content\/uploads\/2019\/12\/Sanliurfa_The-Abrahams-Pool-1024x576.jpg\" alt=\"\" data-id=\"11380\" data-link=\"http:\/\/zskarlino.pl\/?attachment_id=11380\" class=\"wp-image-11380\" srcset=\"https:\/\/zskarlino.pl\/wp-content\/uploads\/2019\/12\/Sanliurfa_The-Abrahams-Pool-1024x576.jpg 1024w, https:\/\/zskarlino.pl\/wp-content\/uploads\/2019\/12\/Sanliurfa_The-Abrahams-Pool-300x169.jpg 300w, https:\/\/zskarlino.pl\/wp-content\/uploads\/2019\/12\/Sanliurfa_The-Abrahams-Pool-768x432.jpg 768w\" sizes=\"auto, (max-width: 1024px) 100vw, 1024px\" \/><\/figure><\/li><li class=\"blocks-gallery-item\"><figure><img loading=\"lazy\" decoding=\"async\" width=\"1024\" height=\"576\" src=\"http:\/\/zskarlino.pl\/wp-content\/uploads\/2019\/12\/G\u00f3ra-Nemrut-1024x576.jpg\" alt=\"\" data-id=\"11377\" data-link=\"http:\/\/zskarlino.pl\/?attachment_id=11377\" class=\"wp-image-11377\" srcset=\"https:\/\/zskarlino.pl\/wp-content\/uploads\/2019\/12\/G\u00f3ra-Nemrut-1024x576.jpg 1024w, https:\/\/zskarlino.pl\/wp-content\/uploads\/2019\/12\/G\u00f3ra-Nemrut-300x169.jpg 300w, https:\/\/zskarlino.pl\/wp-content\/uploads\/2019\/12\/G\u00f3ra-Nemrut-768x432.jpg 768w\" sizes=\"auto, (max-width: 1024px) 100vw, 1024px\" \/><\/figure><\/li><li class=\"blocks-gallery-item\"><figure><img loading=\"lazy\" decoding=\"async\" width=\"1024\" height=\"768\" src=\"http:\/\/zskarlino.pl\/wp-content\/uploads\/2019\/12\/polsko-turecka-ekipa-na-szczycie-G\u00f3ry-Nemrut-1024x768.jpg\" alt=\"\" data-id=\"11379\" data-link=\"http:\/\/zskarlino.pl\/?attachment_id=11379\" class=\"wp-image-11379\" srcset=\"https:\/\/zskarlino.pl\/wp-content\/uploads\/2019\/12\/polsko-turecka-ekipa-na-szczycie-G\u00f3ry-Nemrut-1024x768.jpg 1024w, https:\/\/zskarlino.pl\/wp-content\/uploads\/2019\/12\/polsko-turecka-ekipa-na-szczycie-G\u00f3ry-Nemrut-300x225.jpg 300w, https:\/\/zskarlino.pl\/wp-content\/uploads\/2019\/12\/polsko-turecka-ekipa-na-szczycie-G\u00f3ry-Nemrut-768x576.jpg 768w\" sizes=\"auto, (max-width: 1024px) 100vw, 1024px\" \/><\/figure><\/li><li class=\"blocks-gallery-item\"><figure><img loading=\"lazy\" decoding=\"async\" width=\"1024\" height=\"576\" src=\"http:\/\/zskarlino.pl\/wp-content\/uploads\/2019\/12\/turniej-gier2-1024x576.jpg\" alt=\"\" data-id=\"11387\" data-link=\"http:\/\/zskarlino.pl\/?attachment_id=11387\" class=\"wp-image-11387\" srcset=\"https:\/\/zskarlino.pl\/wp-content\/uploads\/2019\/12\/turniej-gier2-1024x576.jpg 1024w, https:\/\/zskarlino.pl\/wp-content\/uploads\/2019\/12\/turniej-gier2-300x169.jpg 300w, https:\/\/zskarlino.pl\/wp-content\/uploads\/2019\/12\/turniej-gier2-768x432.jpg 768w\" sizes=\"auto, (max-width: 1024px) 100vw, 1024px\" \/><\/figure><\/li><li class=\"blocks-gallery-item\"><figure><img loading=\"lazy\" decoding=\"async\" width=\"1024\" height=\"576\" src=\"http:\/\/zskarlino.pl\/wp-content\/uploads\/2019\/12\/turniej-gier3-1024x576.jpg\" alt=\"\" data-id=\"11388\" data-link=\"http:\/\/zskarlino.pl\/?attachment_id=11388\" class=\"wp-image-11388\" srcset=\"https:\/\/zskarlino.pl\/wp-content\/uploads\/2019\/12\/turniej-gier3-1024x576.jpg 1024w, https:\/\/zskarlino.pl\/wp-content\/uploads\/2019\/12\/turniej-gier3-300x169.jpg 300w, https:\/\/zskarlino.pl\/wp-content\/uploads\/2019\/12\/turniej-gier3-768x432.jpg 768w\" sizes=\"auto, (max-width: 1024px) 100vw, 1024px\" \/><\/figure><\/li><li class=\"blocks-gallery-item\"><figure><img loading=\"lazy\" decoding=\"async\" width=\"1024\" height=\"576\" src=\"http:\/\/zskarlino.pl\/wp-content\/uploads\/2019\/12\/wizyta-w-Muzeum-Mozaiki-1024x576.jpg\" alt=\"\" data-id=\"11391\" data-link=\"http:\/\/zskarlino.pl\/?attachment_id=11391\" class=\"wp-image-11391\" srcset=\"https:\/\/zskarlino.pl\/wp-content\/uploads\/2019\/12\/wizyta-w-Muzeum-Mozaiki-1024x576.jpg 1024w, https:\/\/zskarlino.pl\/wp-content\/uploads\/2019\/12\/wizyta-w-Muzeum-Mozaiki-300x169.jpg 300w, https:\/\/zskarlino.pl\/wp-content\/uploads\/2019\/12\/wizyta-w-Muzeum-Mozaiki-768x432.jpg 768w\" sizes=\"auto, (max-width: 1024px) 100vw, 1024px\" \/><\/figure><\/li><li class=\"blocks-gallery-item\"><figure><img loading=\"lazy\" decoding=\"async\" width=\"1024\" height=\"576\" src=\"http:\/\/zskarlino.pl\/wp-content\/uploads\/2019\/12\/Zeugma-Muzeum-Mozaiki-1024x576.jpg\" alt=\"\" data-id=\"11392\" data-link=\"http:\/\/zskarlino.pl\/?attachment_id=11392\" class=\"wp-image-11392\" srcset=\"https:\/\/zskarlino.pl\/wp-content\/uploads\/2019\/12\/Zeugma-Muzeum-Mozaiki-1024x576.jpg 1024w, https:\/\/zskarlino.pl\/wp-content\/uploads\/2019\/12\/Zeugma-Muzeum-Mozaiki-300x169.jpg 300w, https:\/\/zskarlino.pl\/wp-content\/uploads\/2019\/12\/Zeugma-Muzeum-Mozaiki-768x432.jpg 768w\" sizes=\"auto, (max-width: 1024px) 100vw, 1024px\" \/><\/figure><\/li><li class=\"blocks-gallery-item\"><figure><img loading=\"lazy\" decoding=\"async\" width=\"1024\" height=\"473\" src=\"http:\/\/zskarlino.pl\/wp-content\/uploads\/2019\/12\/tradycyny-wiecz\u00f3r-turecki-1024x473.jpg\" alt=\"\" data-id=\"11384\" data-link=\"http:\/\/zskarlino.pl\/?attachment_id=11384\" class=\"wp-image-11384\" srcset=\"https:\/\/zskarlino.pl\/wp-content\/uploads\/2019\/12\/tradycyny-wiecz\u00f3r-turecki-1024x473.jpg 1024w, https:\/\/zskarlino.pl\/wp-content\/uploads\/2019\/12\/tradycyny-wiecz\u00f3r-turecki-300x139.jpg 300w, https:\/\/zskarlino.pl\/wp-content\/uploads\/2019\/12\/tradycyny-wiecz\u00f3r-turecki-768x355.jpg 768w\" sizes=\"auto, (max-width: 1024px) 100vw, 1024px\" \/><\/figure><\/li><li class=\"blocks-gallery-item\"><figure><img loading=\"lazy\" decoding=\"async\" width=\"1024\" height=\"472\" src=\"http:\/\/zskarlino.pl\/wp-content\/uploads\/2019\/12\/Polska-reprezentacja-podczas-wyjazdu-1024x472.jpg\" alt=\"\" data-id=\"11378\" data-link=\"http:\/\/zskarlino.pl\/?attachment_id=11378\" class=\"wp-image-11378\" srcset=\"https:\/\/zskarlino.pl\/wp-content\/uploads\/2019\/12\/Polska-reprezentacja-podczas-wyjazdu-1024x472.jpg 1024w, https:\/\/zskarlino.pl\/wp-content\/uploads\/2019\/12\/Polska-reprezentacja-podczas-wyjazdu-300x138.jpg 300w, https:\/\/zskarlino.pl\/wp-content\/uploads\/2019\/12\/Polska-reprezentacja-podczas-wyjazdu-768x354.jpg 768w, https:\/\/zskarlino.pl\/wp-content\/uploads\/2019\/12\/Polska-reprezentacja-podczas-wyjazdu.jpg 2040w\" sizes=\"auto, (max-width: 1024px) 100vw, 1024px\" \/><\/figure><\/li><li class=\"blocks-gallery-item\"><figure><img loading=\"lazy\" decoding=\"async\" width=\"1024\" height=\"472\" src=\"http:\/\/zskarlino.pl\/wp-content\/uploads\/2019\/12\/Tureccy-partnerzy-1024x472.jpg\" alt=\"\" data-id=\"11385\" data-link=\"http:\/\/zskarlino.pl\/?attachment_id=11385\" class=\"wp-image-11385\" srcset=\"https:\/\/zskarlino.pl\/wp-content\/uploads\/2019\/12\/Tureccy-partnerzy-1024x472.jpg 1024w, https:\/\/zskarlino.pl\/wp-content\/uploads\/2019\/12\/Tureccy-partnerzy-300x138.jpg 300w, https:\/\/zskarlino.pl\/wp-content\/uploads\/2019\/12\/Tureccy-partnerzy-768x354.jpg 768w\" sizes=\"auto, (max-width: 1024px) 100vw, 1024px\" \/><\/figure><\/li><\/ul>\n\n\n\n<h2 class=\"wp-block-heading\"><\/h2>\n\n\n\n<p>Zesp\u00f3\u0142\nSzk\u00f3\u0142 w Karlinie wraz z bie\u017c\u0105cym rokiem szkolnym rozpocz\u0105\u0142 realizacj\u0119 projektu\n\u201eTwo Faces of Technology: Isolation and Opportunities.\u201d Jest to projekt\nrealizowany z czterema szko\u0142ami partnerskimi z Czech, Hiszpanii, Turcji i W\u0142och\nw ramach programu Erasmus+. Ca\u0142y projekt otrzyma\u0142 dofinansowanie w wysoko\u015bci: \u20ac145\u2019125,00, a\nnasza szko\u0142a jest koordynatorem ca\u0142ego przedsi\u0119wzi\u0119cia. Wsp\u00f3\u0142autorem projektu i\nkoordynatorem ze strony Zespo\u0142u Szk\u00f3\u0142 jest pani Renata Piszak-Walczykowska. Projekt\ndotyczy szeroko rozumianej technologii i jej wp\u0142ywu na wsp\u00f3\u0142czesn\u0105 m\u0142odzie\u017c.\nWsp\u00f3lnie b\u0119dziemy mierzy\u0107 si\u0119 r\u00f3\u017cnymi wyzwaniami i odpowiedziami na trudne pytania\n\u2013 na ile technologia zdominowa\u0142a nasze \u017cycie i czy wi\u0119cej mo\u017cemy czerpa\u0107 z tego\nkorzy\u015bci, czy te\u017c zagro\u017ce\u0144.&nbsp; J\u0119zykiem\nprzewodnim projektu b\u0119dzie j\u0119zyk angielski, za pomoc\u0105 kt\u00f3rego poprowadzone\nzostan\u0105 wszystkie zaplanowane warsztaty i konferencje, zaplanowane w ramach\nwymiany dobrych praktyk we wszystkich pa\u0144stwach uczestnicz\u0105cych w projekcie. Ponadto\nzaplanowano wiele dzia\u0142a\u0144 zar\u00f3wno na gruncie technologicznym \u2013 w trakcie i\npomi\u0119dzy spotkaniami, jak i w formie interakcji bezpo\u015brednich, w celu zwr\u00f3cenia\nuwagi na dobrodziejstwa p\u0142yn\u0105ce dzi\u0119ki takim wielop\u0142aszczyznowym interakcjom. <\/p>\n\n\n\n<p>W pa\u017adzierniku odby\u0142o si\u0119 w Turcji spotkanie koordynator\u00f3w z ka\u017cdego\npa\u0144stwa w celu om\u00f3wienia najwa\u017cniejszych kwestii zwi\u0105zanych z wdro\u017ceniem\nprojektu i przygotowania pierwszego spotkania dla m\u0142odzie\u017cy. Z naszej strony\nudzia\u0142 w spotkaniu wzi\u0119\u0142y panie: Renata Piszak-Walczykowska i Magdalena\nMali\u0144ska. Natomiast w listopadzie m\u0142odzie\u017c naszego Technikum, wraz z\nopiekunami: pani\u0105 Marzen\u0105 Czarnas i Justyn\u0105 Syg\u0105, uda\u0142a si\u0119 do Ad\u0131yaman w Turcji. Zanim\ndotarli\u015bmy do miejsca przeznaczenia mieli\u015bmy okazj\u0119 sp\u0119dzi\u0107 troch\u0119 czasu w Stambule\n\u2013 wspania\u0142ym mie\u015bcie, gdzie spotyka si\u0119 Europa z Azj\u0105. Tam te\u017c mieli\u015bmy\npierwsz\u0105 szans\u0119 na realizacj\u0119 tre\u015bci przewidzianych w projekcie dzi\u0119ki wizycie\nw Muzeum Technologii i Nauki Islamu. Podczas pi\u0119ciodniowego pobytu ju\u017c w Ad\u0131yaman, nasza m\u0142odzie\u017c uczestniczy\u0142a w wielu atrakcjach\nzaproponowanych przez tureckiego partnera. Wys\u0142uchali\u015bmy konferencji i wyk\u0142adu\nna temat zagro\u017ce\u0144 technologicznych, wzi\u0119li\u015bmy udzia\u0142 w warsztatach dotycz\u0105cych\ntradycyjnych zabaw oraz zapoznali\u015bmy si\u0119 z systemem edukacji naszego partnera. R\u00f3\u017cne\naktywno\u015bci stwarza\u0142y wiele okazji do \u0107wiczenia j\u0119zyka angielskiego w praktyce i\npoznania wspania\u0142ych ludzi. Gospodarze zabrali nas w niezwyk\u0142e miejsca, takie\njak Nemrut Mountain, Arsenia, Severan Bridge, czy Muzeum Mozaiki w Gaziantep gdzie\npodziali\u015bmy dzie\u0142a mistrz\u00f3w, kt\u00f3ry nie mogli korzysta\u0107 z \u017cadnych udogodnie\u0144\ntechnologicznych. Niezwyk\u0142ym prze\u017cyciem by\u0142a te\u017c wyprawa do korzeni wielu\nreligii \u2013 Sanliurfy. Wspania\u0142ym i przynosz\u0105cym wiele emocji wydarzeniem by\u0142\nturniej na bazie popularnych w przesz\u0142o\u015bci gier i zabaw rozgrywanych\nindywidualnie i grupowo. Dla nauczycieli stanowi\u0142 on sentymentaln\u0105 podr\u00f3\u017c w\nprzesz\u0142o\u015b\u0107, natomiast dla m\u0142odzie\u017cy zupe\u0142nie nowe do\u015bwiadczenia wykraczaj\u0105ce\npoza ich wyobra\u017cenia o wsp\u00f3lnym sp\u0119dzaniu czasu. Natomiast zwie\u0144czeniem naszego\npobytu by\u0142 wiecz\u00f3r z tureck\u0105 kultur\u0105, obyczajami i tradycjami &#8211; tanecznymi i\nkulinarnymi. \n\nWspania\u0142e spotkanie w egzotycznym dla nas kraju u\u015bwiadomi\u0142o nam, jak wa\u017cne\njest w naszym \u017cyciu nawi\u0105zywanie bezpo\u015brednich relacji z r\u00f3wie\u015bnikami z r\u00f3\u017cnych\ncz\u0119\u015bci \u015bwiata. Wsp\u00f3lne sp\u0119dzanie czasu na zabawach,\nwsp\u00f3\u0142zawodnictwie, czy wyprawach udowodni\u0142o, \u017ce mimo pochodzenia z zupe\u0142nie\nodmiennych kultur potrafimy czerpa\u0107 wiele rado\u015bci z tych samych aktywno\u015bci. Niew\u0105tpliwie\nz Turcji wywie\u017ali\u015bmy baga\u017c do\u015bwiadcze\u0144 i mn\u00f3stwo pomys\u0142\u00f3w na to, jak mo\u017cemy\nwykorzysta\u0107 zdobyte umiej\u0119tno\u015bci.&nbsp;\nCieszymy si\u0119 te\u017c, \u017ce dzi\u0119ki nowoczesnej technologii \u2013 mediom\nspo\u0142eczno\u015bciowym i komunikatorom b\u0119dziemy mogli utrzyma\u0107 przyja\u017anie, kt\u00f3re tam\nzawarli\u015bmy. Wszyscy czekamy z rado\u015bci\u0105 na nast\u0119pne spotkanie, tym razem u\nnaszych czeskich przyjaci\u00f3\u0142 w Plzen.\n\n\n\n<\/p>\n","protected":false},"excerpt":{"rendered":"<p>Zesp\u00f3\u0142 Szk\u00f3\u0142 w Karlinie wraz z bie\u017c\u0105cym rokiem szkolnym rozpocz\u0105\u0142 realizacj\u0119 projektu \u201eTwo Faces of Technology: Isolation and Opportunities.\u201d Jest to projekt realizowany z czterema szko\u0142ami partnerskimi z Czech, Hiszpanii, Turcji i W\u0142och w ramach programu Erasmus+. Ca\u0142y projekt otrzyma\u0142 dofinansowanie w wysoko\u015bci: \u20ac145\u2019125,00, a nasza szko\u0142a jest koordynatorem ca\u0142ego przedsi\u0119wzi\u0119cia. Wsp\u00f3\u0142autorem projektu i koordynatorem &hellip; <\/p>\n<p><a class=\"more-link btn\" href=\"https:\/\/zskarlino.pl\/?p=11394\">Czytaj dalej<\/a><\/p>\n","protected":false},"author":8,"featured_media":0,"comment_status":"closed","ping_status":"closed","sticky":false,"template":"","format":"standard","meta":{"footnotes":""},"categories":[3],"tags":[],"class_list":["post-11394","post","type-post","status-publish","format-standard","hentry","category-wydarzenia","item-wrap"],"_links":{"self":[{"href":"https:\/\/zskarlino.pl\/index.php?rest_route=\/wp\/v2\/posts\/11394","targetHints":{"allow":["GET"]}}],"collection":[{"href":"https:\/\/zskarlino.pl\/index.php?rest_route=\/wp\/v2\/posts"}],"about":[{"href":"https:\/\/zskarlino.pl\/index.php?rest_route=\/wp\/v2\/types\/post"}],"author":[{"embeddable":true,"href":"https:\/\/zskarlino.pl\/index.php?rest_route=\/wp\/v2\/users\/8"}],"replies":[{"embeddable":true,"href":"https:\/\/zskarlino.pl\/index.php?rest_route=%2Fwp%2Fv2%2Fcomments&post=11394"}],"version-history":[{"count":3,"href":"https:\/\/zskarlino.pl\/index.php?rest_route=\/wp\/v2\/posts\/11394\/revisions"}],"predecessor-version":[{"id":11397,"href":"https:\/\/zskarlino.pl\/index.php?rest_route=\/wp\/v2\/posts\/11394\/revisions\/11397"}],"wp:attachment":[{"href":"https:\/\/zskarlino.pl\/index.php?rest_route=%2Fwp%2Fv2%2Fmedia&parent=11394"}],"wp:term":[{"taxonomy":"category","embeddable":true,"href":"https:\/\/zskarlino.pl\/index.php?rest_route=%2Fwp%2Fv2%2Fcategories&post=11394"},{"taxonomy":"post_tag","embeddable":true,"href":"https:\/\/zskarlino.pl\/index.php?rest_route=%2Fwp%2Fv2%2Ftags&post=11394"}],"curies":[{"name":"wp","href":"https:\/\/api.w.org\/{rel}","templated":true}]}}