{"id":11360,"date":"2019-11-20T10:57:24","date_gmt":"2019-11-20T09:57:24","guid":{"rendered":"http:\/\/zskarlino.pl\/?p=11360"},"modified":"2019-11-20T11:58:33","modified_gmt":"2019-11-20T10:58:33","slug":"o-demoralizacji-i-odpowiedzialnosci-karnej-nieletnich","status":"publish","type":"post","link":"https:\/\/zskarlino.pl\/?p=11360","title":{"rendered":"O demoralizacji i odpowiedzialno\u015bci karnej nieletnich"},"content":{"rendered":"\n<p>Dnia 19.11.2019 r. odby\u0142o si\u0119 pierwsze z cyku spotka\u0144 funkcjonariuszy karli\u0144skiej Policji z uczniami Zespo\u0142u Szk\u00f3\u0142 w Karlinie.\u00a0\u00a0Panowie asp. Tomasz Jurkowski i asp. Jaros\u0142aw Przytocki\u00a0rozmawiali z uczniami klas I-III Bran\u017cowej Szko\u0142y I Stopnia na temat odpowiedzialno\u015bci os\u00f3b poni\u017cej 17 roku \u017cycia za pope\u0142niane czyny karalne. M\u0142odzie\u017c mia\u0142a mo\u017cliwo\u015b\u0107 dowiedzie\u0107 si\u0119, co oznacza termin demoralizacja, jakie przewinienia najcz\u0119\u015bciej s\u0105 wynikiem nieodpowiedzialnych zachowa\u0144 os\u00f3b m\u0142odocianych i jakie gro\u017c\u0105 im za to konsekwencje przewidziane przepisami prawa.<\/p>\n\n\n\n<ul class=\"wp-block-gallery columns-3 is-cropped wp-block-gallery-1 is-layout-flex wp-block-gallery-is-layout-flex\"><li class=\"blocks-gallery-item\"><figure><img loading=\"lazy\" decoding=\"async\" width=\"800\" height=\"600\" src=\"http:\/\/zskarlino.pl\/wp-content\/uploads\/2019\/11\/75640744_2484088785202117_8401210451953713152_n.jpg\" alt=\"\" data-id=\"11361\" data-link=\"http:\/\/zskarlino.pl\/?attachment_id=11361\" class=\"wp-image-11361\" srcset=\"https:\/\/zskarlino.pl\/wp-content\/uploads\/2019\/11\/75640744_2484088785202117_8401210451953713152_n.jpg 800w, https:\/\/zskarlino.pl\/wp-content\/uploads\/2019\/11\/75640744_2484088785202117_8401210451953713152_n-300x225.jpg 300w, https:\/\/zskarlino.pl\/wp-content\/uploads\/2019\/11\/75640744_2484088785202117_8401210451953713152_n-768x576.jpg 768w\" sizes=\"auto, (max-width: 800px) 100vw, 800px\" \/><\/figure><\/li><li class=\"blocks-gallery-item\"><figure><img loading=\"lazy\" decoding=\"async\" width=\"692\" height=\"316\" src=\"http:\/\/zskarlino.pl\/wp-content\/uploads\/2019\/11\/76910272_447563042803305_7329922265460506624_n.jpg\" alt=\"\" data-id=\"11362\" data-link=\"http:\/\/zskarlino.pl\/?attachment_id=11362\" class=\"wp-image-11362\" srcset=\"https:\/\/zskarlino.pl\/wp-content\/uploads\/2019\/11\/76910272_447563042803305_7329922265460506624_n.jpg 692w, https:\/\/zskarlino.pl\/wp-content\/uploads\/2019\/11\/76910272_447563042803305_7329922265460506624_n-300x137.jpg 300w\" sizes=\"auto, (max-width: 692px) 100vw, 692px\" \/><\/figure><\/li><li class=\"blocks-gallery-item\"><figure><img loading=\"lazy\" decoding=\"async\" width=\"720\" height=\"540\" src=\"http:\/\/zskarlino.pl\/wp-content\/uploads\/2019\/11\/77241577_467236577251170_7352300041505079296_n.jpg\" alt=\"\" data-id=\"11363\" data-link=\"http:\/\/zskarlino.pl\/?attachment_id=11363\" class=\"wp-image-11363\" srcset=\"https:\/\/zskarlino.pl\/wp-content\/uploads\/2019\/11\/77241577_467236577251170_7352300041505079296_n.jpg 720w, https:\/\/zskarlino.pl\/wp-content\/uploads\/2019\/11\/77241577_467236577251170_7352300041505079296_n-300x225.jpg 300w\" sizes=\"auto, (max-width: 720px) 100vw, 720px\" \/><\/figure><\/li><li class=\"blocks-gallery-item\"><figure><img loading=\"lazy\" decoding=\"async\" width=\"720\" height=\"540\" src=\"http:\/\/zskarlino.pl\/wp-content\/uploads\/2019\/11\/75241031_3175389469145034_3140581319214366720_n.jpg\" alt=\"\" data-id=\"11364\" data-link=\"http:\/\/zskarlino.pl\/?attachment_id=11364\" class=\"wp-image-11364\" srcset=\"https:\/\/zskarlino.pl\/wp-content\/uploads\/2019\/11\/75241031_3175389469145034_3140581319214366720_n.jpg 720w, https:\/\/zskarlino.pl\/wp-content\/uploads\/2019\/11\/75241031_3175389469145034_3140581319214366720_n-300x225.jpg 300w\" sizes=\"auto, (max-width: 720px) 100vw, 720px\" \/><\/figure><\/li><\/ul>\n\n\n\n<p>Bardzo dzi\u0119kujemy funkcjonariuszom\u00a0naszej Policji\u00a0za po\u015bwi\u0119cony czas. <\/p>\n\n\n\n<p style=\"text-align:right\"><em>Magdalena Mali\u0144ska<\/em><\/p>\n","protected":false},"excerpt":{"rendered":"<p>Dnia 19.11.2019 r. odby\u0142o si\u0119 pierwsze z cyku spotka\u0144 funkcjonariuszy karli\u0144skiej Policji z uczniami Zespo\u0142u Szk\u00f3\u0142 w Karlinie.\u00a0\u00a0Panowie asp. Tomasz Jurkowski i asp. Jaros\u0142aw Przytocki\u00a0rozmawiali z uczniami klas I-III Bran\u017cowej Szko\u0142y I Stopnia na temat odpowiedzialno\u015bci os\u00f3b poni\u017cej 17 roku \u017cycia za pope\u0142niane czyny karalne. M\u0142odzie\u017c mia\u0142a mo\u017cliwo\u015b\u0107 dowiedzie\u0107 si\u0119, co oznacza termin demoralizacja, jakie &hellip; <\/p>\n<p><a class=\"more-link btn\" href=\"https:\/\/zskarlino.pl\/?p=11360\">Czytaj dalej<\/a><\/p>\n","protected":false},"author":6,"featured_media":0,"comment_status":"closed","ping_status":"closed","sticky":false,"template":"","format":"standard","meta":{"footnotes":""},"categories":[3],"tags":[],"class_list":["post-11360","post","type-post","status-publish","format-standard","hentry","category-wydarzenia","item-wrap"],"_links":{"self":[{"href":"https:\/\/zskarlino.pl\/index.php?rest_route=\/wp\/v2\/posts\/11360","targetHints":{"allow":["GET"]}}],"collection":[{"href":"https:\/\/zskarlino.pl\/index.php?rest_route=\/wp\/v2\/posts"}],"about":[{"href":"https:\/\/zskarlino.pl\/index.php?rest_route=\/wp\/v2\/types\/post"}],"author":[{"embeddable":true,"href":"https:\/\/zskarlino.pl\/index.php?rest_route=\/wp\/v2\/users\/6"}],"replies":[{"embeddable":true,"href":"https:\/\/zskarlino.pl\/index.php?rest_route=%2Fwp%2Fv2%2Fcomments&post=11360"}],"version-history":[{"count":1,"href":"https:\/\/zskarlino.pl\/index.php?rest_route=\/wp\/v2\/posts\/11360\/revisions"}],"predecessor-version":[{"id":11365,"href":"https:\/\/zskarlino.pl\/index.php?rest_route=\/wp\/v2\/posts\/11360\/revisions\/11365"}],"wp:attachment":[{"href":"https:\/\/zskarlino.pl\/index.php?rest_route=%2Fwp%2Fv2%2Fmedia&parent=11360"}],"wp:term":[{"taxonomy":"category","embeddable":true,"href":"https:\/\/zskarlino.pl\/index.php?rest_route=%2Fwp%2Fv2%2Fcategories&post=11360"},{"taxonomy":"post_tag","embeddable":true,"href":"https:\/\/zskarlino.pl\/index.php?rest_route=%2Fwp%2Fv2%2Ftags&post=11360"}],"curies":[{"name":"wp","href":"https:\/\/api.w.org\/{rel}","templated":true}]}}