{"id":11357,"date":"2019-11-20T11:51:09","date_gmt":"2019-11-20T10:51:09","guid":{"rendered":"http:\/\/zskarlino.pl\/?p=11357"},"modified":"2019-11-20T11:58:59","modified_gmt":"2019-11-20T10:58:59","slug":"szlachetna-paczka","status":"publish","type":"post","link":"https:\/\/zskarlino.pl\/?p=11357","title":{"rendered":"Szlachetna paczka"},"content":{"rendered":"\n<div class=\"wp-block-image\"><figure class=\"aligncenter\"><img loading=\"lazy\" decoding=\"async\" width=\"612\" height=\"279\" src=\"http:\/\/zskarlino.pl\/wp-content\/uploads\/2019\/11\/szlachetna-paczka.png\" alt=\"\" class=\"wp-image-11358\" srcset=\"https:\/\/zskarlino.pl\/wp-content\/uploads\/2019\/11\/szlachetna-paczka.png 612w, https:\/\/zskarlino.pl\/wp-content\/uploads\/2019\/11\/szlachetna-paczka-300x137.png 300w\" sizes=\"auto, (max-width: 612px) 100vw, 612px\" \/><\/figure><\/div>\n\n\n\n<p>Nasza szko\u0142a przy\u0142\u0105czy\u0142a si\u0119 do akcji Szlachetna Paczka. Liczymy na Wasze wsparcie i wielkie serca. Zbi\u00f3rka rusza ju\u017c dzi\u015b i b\u0119dzie trwa\u0142a do 05.12.2019 r. Szczeg\u00f3\u0142owe informacje u wychowawc\u00f3w klas i pedagoga szkolnego.<\/p>\n\n\n\n<p><strong>Zbli\u017caj\u0105 si\u0119 \u015awi\u0119ta Bo\u017cego Narodzenia i ka\u017cdy powinien prze\u017cy\u0107 je&nbsp; godnie.<br>Przygotowane przez nas upominki mog\u0105 sprawi\u0107, \u017ce rodzina poczuje si\u0119 naprawd\u0119 wyj\u0105tkowo&nbsp; no i &nbsp;nic tak pozytywnie nie nastraja jak pomoc innym! &nbsp;<\/strong><\/p>\n\n\n\n<p><strong>&nbsp;Gotowi? No to POMAGAMY!!!<\/strong><\/p>\n","protected":false},"excerpt":{"rendered":"<p>Nasza szko\u0142a przy\u0142\u0105czy\u0142a si\u0119 do akcji Szlachetna Paczka. Liczymy na Wasze wsparcie i wielkie serca. Zbi\u00f3rka rusza ju\u017c dzi\u015b i b\u0119dzie trwa\u0142a do 05.12.2019 r. Szczeg\u00f3\u0142owe informacje u wychowawc\u00f3w klas i pedagoga szkolnego. Zbli\u017caj\u0105 si\u0119 \u015awi\u0119ta Bo\u017cego Narodzenia i ka\u017cdy powinien prze\u017cy\u0107 je&nbsp; godnie.Przygotowane przez nas upominki mog\u0105 sprawi\u0107, \u017ce rodzina poczuje si\u0119 naprawd\u0119 wyj\u0105tkowo&nbsp; &hellip; <\/p>\n<p><a class=\"more-link btn\" href=\"https:\/\/zskarlino.pl\/?p=11357\">Czytaj dalej<\/a><\/p>\n","protected":false},"author":6,"featured_media":0,"comment_status":"closed","ping_status":"closed","sticky":false,"template":"","format":"standard","meta":{"footnotes":""},"categories":[3],"tags":[],"class_list":["post-11357","post","type-post","status-publish","format-standard","hentry","category-wydarzenia","item-wrap"],"_links":{"self":[{"href":"https:\/\/zskarlino.pl\/index.php?rest_route=\/wp\/v2\/posts\/11357","targetHints":{"allow":["GET"]}}],"collection":[{"href":"https:\/\/zskarlino.pl\/index.php?rest_route=\/wp\/v2\/posts"}],"about":[{"href":"https:\/\/zskarlino.pl\/index.php?rest_route=\/wp\/v2\/types\/post"}],"author":[{"embeddable":true,"href":"https:\/\/zskarlino.pl\/index.php?rest_route=\/wp\/v2\/users\/6"}],"replies":[{"embeddable":true,"href":"https:\/\/zskarlino.pl\/index.php?rest_route=%2Fwp%2Fv2%2Fcomments&post=11357"}],"version-history":[{"count":2,"href":"https:\/\/zskarlino.pl\/index.php?rest_route=\/wp\/v2\/posts\/11357\/revisions"}],"predecessor-version":[{"id":11366,"href":"https:\/\/zskarlino.pl\/index.php?rest_route=\/wp\/v2\/posts\/11357\/revisions\/11366"}],"wp:attachment":[{"href":"https:\/\/zskarlino.pl\/index.php?rest_route=%2Fwp%2Fv2%2Fmedia&parent=11357"}],"wp:term":[{"taxonomy":"category","embeddable":true,"href":"https:\/\/zskarlino.pl\/index.php?rest_route=%2Fwp%2Fv2%2Fcategories&post=11357"},{"taxonomy":"post_tag","embeddable":true,"href":"https:\/\/zskarlino.pl\/index.php?rest_route=%2Fwp%2Fv2%2Ftags&post=11357"}],"curies":[{"name":"wp","href":"https:\/\/api.w.org\/{rel}","templated":true}]}}