{"id":11347,"date":"2019-10-22T00:05:15","date_gmt":"2019-10-21T22:05:15","guid":{"rendered":"http:\/\/zskarlino.pl\/?p=11347"},"modified":"2019-11-20T00:06:37","modified_gmt":"2019-11-19T23:06:37","slug":"wizyta-w-gkc","status":"publish","type":"post","link":"https:\/\/zskarlino.pl\/?p=11347","title":{"rendered":"Wizyta w GKC"},"content":{"rendered":"\n<figure class=\"wp-block-image\"><img loading=\"lazy\" decoding=\"async\" width=\"1024\" height=\"768\" src=\"http:\/\/zskarlino.pl\/wp-content\/uploads\/2019\/11\/IMG_9003-1024x768.jpg\" alt=\"\" class=\"wp-image-11348\" srcset=\"https:\/\/zskarlino.pl\/wp-content\/uploads\/2019\/11\/IMG_9003-1024x768.jpg 1024w, https:\/\/zskarlino.pl\/wp-content\/uploads\/2019\/11\/IMG_9003-300x225.jpg 300w, https:\/\/zskarlino.pl\/wp-content\/uploads\/2019\/11\/IMG_9003-768x576.jpg 768w\" sizes=\"auto, (max-width: 1024px) 100vw, 1024px\" \/><\/figure>\n\n\n\n<p>Zesp\u00f3\u0142 Szk\u00f3\u0142 w Karlinie ju\u017c od wielu lat wsp\u00f3\u0142pracuje z GKC\n&#8211; szwedzkim odpowiednikiem naszej szko\u0142y ponadpodstawowej w Gnosjo \u2013\nniewielkiej gminie w \u015brodkowej Szwecji. Nasza wsp\u00f3\u0142praca opiera si\u0119 na wzajemnych\nwizytach w naszych miejscowo\u015bciach oraz wsp\u00f3lnych wyjazdach do Krakowa. Wzorem\nlat ubieg\u0142ych w dniach 15 \u2013 19 pa\u017adziernika uczniowie naszego Technikum mieli\nszans\u0119 sp\u0119dzi\u0107 kilka dni w Szwecji. <\/p>\n\n\n\n<p>Podczas pobytu zapoznali\u015bmy si\u0119 ze szwedzkim systemem\nedukacyjnym, zwiedzali\u015bmy szko\u0142\u0119 i ciekawe miejsca w okolicy \u2013 takie jak\nwyj\u0105tkowe centrum teatralno-rozrywkowe w najwi\u0119kszym mie\u015bcie w regionie &#8211; Jonkoping,\nczy manufaktura wyrob\u00f3w sk\u00f3rzanych. Przede wszystkim jednak mieli\u015bmy wiele\nokazji do wykorzystania j\u0119zyka angielskiego w praktyce. Popo\u0142udniowe zaj\u0119cia\npo\u015bwi\u0119cone by\u0142y wsp\u00f3lnie opracowywanemu projektowi kulturowemu \u2013 \u201ePoland vs\nSweden\u201d, podczas kt\u00f3rego uczniowie w mieszanych zespo\u0142ach por\u00f3wnywali r\u00f3\u017cne\naspekty (historyczny, rozrywkowo-muzyczny, religijny oraz kulinarny) \u017cycia w\nnaszych krajach. <\/p>\n\n\n\n<p>Ciekawym do\u015bwiadczeniem by\u0142o uczestniczenie w zaj\u0119ciach\nj\u0119zyka szwedzkiego z imigrantami. Poza podstawowymi zwrotami u\u0142atwiaj\u0105cymi\npoznanie nowych os\u00f3b w Szwecji i samodzielne przedstawienie si\u0119, dowiedzieli\u015bmy\nsi\u0119 w jaki spos\u00f3b gmina pomaga osobom, kt\u00f3re zmuszone by\u0142y opu\u015bci\u0107 swoje kraje.\nOdwiedzili\u015bmy te\u017c niezwyk\u0142e centrum religijno-kulturalne &nbsp;oraz poblisk\u0105 g\u00f3r\u0119 Isaberg, kt\u00f3ra stanowi\ncentrum sportowo-rekreacyjne dla ca\u0142ego regionu. Poza rozbudowan\u0105 infrastruktur\u0105\ndo uprawiania sport\u00f3w zimowych, znajduj\u0105 si\u0119 tam: niezwyk\u0142y park linowy, tor do\njazdy rowerami g\u00f3rskimi oraz kilometrowy zjazd torem saneczkowym, kt\u00f3ry sami mogli\u015bmy\nwypr\u00f3bowa\u0107. Natomiast tradycyjnie budz\u0105cym najwi\u0119cej emocji elementem by\u0142y\nrozgrywki sportowe w siatk\u00f3wk\u0119 i pi\u0142k\u0119 no\u017cn\u0105 zako\u0144czone remisem oraz wsp\u00f3lny\nmecz w unihokeja. &nbsp;<\/p>\n\n\n\n<p>Zwie\u0144czeniem kilkudniowego pobytu by\u0142 czas sp\u0119dzony wsp\u00f3lnie\nna kr\u0119gielni w pobliskiej miejscowo\u015bci &#8211; Varnamo, dzi\u0119ki kt\u00f3remu zacie\u015bni\u0142y si\u0119\nwi\u0119zi mi\u0119dzy uczniami. &nbsp;Gospodarze\nzadbali, by wi\u0119kszo\u015b\u0107 zaj\u0119\u0107 odbywa\u0142a si\u0119 w towarzystwie szwedzkiej m\u0142odzie\u017cy,\nkt\u00f3ra ju\u017c na wiosn\u0119 wybierze si\u0119 na wycieczk\u0119 w do Krakowa, a my b\u0119dziemy im\ntowarzyszy\u0107! <\/p>\n\n\n\n<p>W Zespole Szk\u00f3\u0142 w Karlinie stawiamy na praktyczne\nzastosowanie j\u0119zyk\u00f3w obcych, a nic nie daje wi\u0119cej sposobno\u015bci do korzystania z\nj\u0119zyka obcego jak bezpo\u015bredni kontakt z r\u00f3wie\u015bnikami z innych kraj\u00f3w. Ju\u017c\nwkr\u00f3tce rozpocznie si\u0119 rekrutacja na wyjazd do Krakowa oraz przysz\u0142oroczny\nwyjazd do Szwecji. <\/p>\n","protected":false},"excerpt":{"rendered":"<p>Zesp\u00f3\u0142 Szk\u00f3\u0142 w Karlinie ju\u017c od wielu lat wsp\u00f3\u0142pracuje z GKC &#8211; szwedzkim odpowiednikiem naszej szko\u0142y ponadpodstawowej w Gnosjo \u2013 niewielkiej gminie w \u015brodkowej Szwecji. Nasza wsp\u00f3\u0142praca opiera si\u0119 na wzajemnych wizytach w naszych miejscowo\u015bciach oraz wsp\u00f3lnych wyjazdach do Krakowa. Wzorem lat ubieg\u0142ych w dniach 15 \u2013 19 pa\u017adziernika uczniowie naszego Technikum mieli szans\u0119 sp\u0119dzi\u0107 &hellip; <\/p>\n<p><a class=\"more-link btn\" href=\"https:\/\/zskarlino.pl\/?p=11347\">Czytaj dalej<\/a><\/p>\n","protected":false},"author":8,"featured_media":0,"comment_status":"closed","ping_status":"closed","sticky":false,"template":"","format":"standard","meta":{"footnotes":""},"categories":[3],"tags":[],"class_list":["post-11347","post","type-post","status-publish","format-standard","hentry","category-wydarzenia","item-wrap"],"_links":{"self":[{"href":"https:\/\/zskarlino.pl\/index.php?rest_route=\/wp\/v2\/posts\/11347","targetHints":{"allow":["GET"]}}],"collection":[{"href":"https:\/\/zskarlino.pl\/index.php?rest_route=\/wp\/v2\/posts"}],"about":[{"href":"https:\/\/zskarlino.pl\/index.php?rest_route=\/wp\/v2\/types\/post"}],"author":[{"embeddable":true,"href":"https:\/\/zskarlino.pl\/index.php?rest_route=\/wp\/v2\/users\/8"}],"replies":[{"embeddable":true,"href":"https:\/\/zskarlino.pl\/index.php?rest_route=%2Fwp%2Fv2%2Fcomments&post=11347"}],"version-history":[{"count":1,"href":"https:\/\/zskarlino.pl\/index.php?rest_route=\/wp\/v2\/posts\/11347\/revisions"}],"predecessor-version":[{"id":11349,"href":"https:\/\/zskarlino.pl\/index.php?rest_route=\/wp\/v2\/posts\/11347\/revisions\/11349"}],"wp:attachment":[{"href":"https:\/\/zskarlino.pl\/index.php?rest_route=%2Fwp%2Fv2%2Fmedia&parent=11347"}],"wp:term":[{"taxonomy":"category","embeddable":true,"href":"https:\/\/zskarlino.pl\/index.php?rest_route=%2Fwp%2Fv2%2Fcategories&post=11347"},{"taxonomy":"post_tag","embeddable":true,"href":"https:\/\/zskarlino.pl\/index.php?rest_route=%2Fwp%2Fv2%2Ftags&post=11347"}],"curies":[{"name":"wp","href":"https:\/\/api.w.org\/{rel}","templated":true}]}}