{"id":11303,"date":"2019-11-06T13:44:24","date_gmt":"2019-11-06T12:44:24","guid":{"rendered":"http:\/\/zskarlino.pl\/?p=11303"},"modified":"2019-11-20T08:57:13","modified_gmt":"2019-11-20T07:57:13","slug":"nieznajomosc-prawa-szkodzi","status":"publish","type":"post","link":"https:\/\/zskarlino.pl\/?p=11303","title":{"rendered":"Nieznajomo\u015b\u0107 prawa szkodzi"},"content":{"rendered":"\n<p><\/p>\n\n\n\n<ul class=\"wp-block-gallery aligncenter columns-3 is-cropped wp-block-gallery-1 is-layout-flex wp-block-gallery-is-layout-flex\"><li class=\"blocks-gallery-item\"><figure><img loading=\"lazy\" decoding=\"async\" width=\"800\" height=\"600\" src=\"http:\/\/zskarlino.pl\/wp-content\/uploads\/2019\/11\/70855548_821666318253354_2690271813753110528_n.jpg\" alt=\"\" data-id=\"11351\" data-link=\"http:\/\/zskarlino.pl\/?attachment_id=11351\" class=\"wp-image-11351\" srcset=\"https:\/\/zskarlino.pl\/wp-content\/uploads\/2019\/11\/70855548_821666318253354_2690271813753110528_n.jpg 800w, https:\/\/zskarlino.pl\/wp-content\/uploads\/2019\/11\/70855548_821666318253354_2690271813753110528_n-300x225.jpg 300w, https:\/\/zskarlino.pl\/wp-content\/uploads\/2019\/11\/70855548_821666318253354_2690271813753110528_n-768x576.jpg 768w\" sizes=\"auto, (max-width: 800px) 100vw, 800px\" \/><\/figure><\/li><li class=\"blocks-gallery-item\"><figure><img loading=\"lazy\" decoding=\"async\" width=\"800\" height=\"600\" src=\"http:\/\/zskarlino.pl\/wp-content\/uploads\/2019\/11\/73062005_410053096554213_3896117606188318720_n.jpg\" alt=\"\" data-id=\"11352\" data-link=\"http:\/\/zskarlino.pl\/?attachment_id=11352\" class=\"wp-image-11352\" srcset=\"https:\/\/zskarlino.pl\/wp-content\/uploads\/2019\/11\/73062005_410053096554213_3896117606188318720_n.jpg 800w, https:\/\/zskarlino.pl\/wp-content\/uploads\/2019\/11\/73062005_410053096554213_3896117606188318720_n-300x225.jpg 300w, https:\/\/zskarlino.pl\/wp-content\/uploads\/2019\/11\/73062005_410053096554213_3896117606188318720_n-768x576.jpg 768w\" sizes=\"auto, (max-width: 800px) 100vw, 800px\" \/><\/figure><\/li><li class=\"blocks-gallery-item\"><figure><img loading=\"lazy\" decoding=\"async\" width=\"800\" height=\"600\" src=\"http:\/\/zskarlino.pl\/wp-content\/uploads\/2019\/11\/73372206_461147414757214_9165704515993731072_n.jpg\" alt=\"\" data-id=\"11353\" data-link=\"http:\/\/zskarlino.pl\/?attachment_id=11353\" class=\"wp-image-11353\" srcset=\"https:\/\/zskarlino.pl\/wp-content\/uploads\/2019\/11\/73372206_461147414757214_9165704515993731072_n.jpg 800w, https:\/\/zskarlino.pl\/wp-content\/uploads\/2019\/11\/73372206_461147414757214_9165704515993731072_n-300x225.jpg 300w, https:\/\/zskarlino.pl\/wp-content\/uploads\/2019\/11\/73372206_461147414757214_9165704515993731072_n-768x576.jpg 768w\" sizes=\"auto, (max-width: 800px) 100vw, 800px\" \/><\/figure><\/li><li class=\"blocks-gallery-item\"><figure><img loading=\"lazy\" decoding=\"async\" width=\"598\" height=\"800\" src=\"http:\/\/zskarlino.pl\/wp-content\/uploads\/2019\/11\/73515805_411568516399453_2838207796145553408_n.jpg\" alt=\"\" data-id=\"11354\" data-link=\"http:\/\/zskarlino.pl\/?attachment_id=11354\" class=\"wp-image-11354\" srcset=\"https:\/\/zskarlino.pl\/wp-content\/uploads\/2019\/11\/73515805_411568516399453_2838207796145553408_n.jpg 598w, https:\/\/zskarlino.pl\/wp-content\/uploads\/2019\/11\/73515805_411568516399453_2838207796145553408_n-224x300.jpg 224w\" sizes=\"auto, (max-width: 598px) 100vw, 598px\" \/><\/figure><\/li><\/ul>\n\n\n\n<p>Dnia 6 listopada 2019 r. uczniowie klas pierwszych Bran\u017cowej Szko\u0142y I stopnia Zespo\u0142u Szk\u00f3\u0142 &nbsp;w Karlinie uczestniczyli w spotkaniu z pani\u0105 Katarzyn\u0105 Balczy\u0144sk\u0105 \u2013 Kierownikiem Zespo\u0142u Kurator\u00f3w Rodzinnych i Nieletnich S\u0105du Rejonowego &nbsp;w Bia\u0142ogardzie. &nbsp;Pani kurator poruszy\u0142a na nim kwestie zwi\u0105zane z odpowiedzialno\u015bci\u0105 prawn\u0105 nieletnich. Przytoczy\u0142a artyku\u0142y z dw\u00f3ch najwa\u017cniejszych akt\u00f3w prawnych dotycz\u0105cych nieletnich: <em><strong>Ustaw\u0119 z dnia 26 pa\u017adziernika 1982 r. o post\u0119powaniu w sprawach nieletnich<\/strong><\/em> oraz<em><strong> Ustaw\u0119 z dnia 29 lipca 2005 r. o przeciwdzia\u0142aniu narkomanii<\/strong><\/em>. Pani Katarzyna Balczy\u0144ska, dysponuj\u0105c ponad 20-letnim sta\u017cem pracy w charakterze kuratora zawodowego na naszym terenie, podawa\u0142a przyk\u0142ady dominuj\u0105cych motyw\u00f3w \u0142amania prawa przez m\u0142odzie\u017c oraz najcz\u0119\u015bciej stosowanych przez s\u0105d \u015brodk\u00f3w wychowawczych wobec nieletnich, kt\u00f3rzy popadli w konflikt z prawem. Na spotkaniu uczniowie dowiedzieli si\u0119 mi\u0119dzy innymi \u017ce, \u015brodki wychowawcze mog\u0105 by\u0107 zastosowane zar\u00f3wno wobec nieletnich, kt\u00f3rzy przejawiaj\u0105 cechy demoralizacji, jak i tych nieletnich, kt\u00f3rzy dopu\u015bcili si\u0119 czynu karalnego, \u017ce osoba zniewa\u017caj\u0105ca funkcjonariusza publicznego (nauczyciel) z urz\u0119du zostaje poci\u0105gni\u0119ta do odpowiedzialno\u015bci karnej, umieszczanie wizerunku innej osoby w Internecie bez jej zgody wy\u015bmiewanie i n\u0119kanie jest w Polsce zabronione Ustaw\u0105 o ochronie danych osobowych i za to r\u00f3wnie\u017c gro\u017c\u0105 sankcje prawne, oraz \u017ce za jazd\u0119 bez uprawnie\u0144 nieletni mo\u017ce otrzyma\u0107 zakaz prowadzenia pojazd\u00f3w do 21 roku \u017cycia. Nie zabrak\u0142o r\u00f3wnie\u017c informacji o szkodliwo\u015bci narkotyk\u00f3w i dopalaczy, konsekwencjach prawnych zwi\u0105zanych z ich posiadaniem i sprzeda\u017c\u0105. <\/p>\n\n\n\n<p>Spotkanie mia\u0142o na celu u\u015bwiadomienie m\u0142odzie\u017cy, i\u017c ich nie zawsze przemy\u015blane dzia\u0142ania mog\u0105 poci\u0105gn\u0105 za sob\u0105 niemi\u0142e konsekwencje prawne.<\/p>\n\n\n\n<p>Bardzo dzi\u0119kujemy Pani &nbsp;kurator Katarzynie Balczy\u0144skiej za jej czas i\nprofesjonalizm.<\/p>\n\n\n\n<p style=\"text-align:right\"><em>Magdalena Mali\u0144ska<\/em><\/p>\n","protected":false},"excerpt":{"rendered":"<p>Dnia 6 listopada 2019 r. uczniowie klas pierwszych Bran\u017cowej Szko\u0142y I stopnia Zespo\u0142u Szk\u00f3\u0142 &nbsp;w Karlinie uczestniczyli w spotkaniu z pani\u0105 Katarzyn\u0105 Balczy\u0144sk\u0105 \u2013 Kierownikiem Zespo\u0142u Kurator\u00f3w Rodzinnych i Nieletnich S\u0105du Rejonowego &nbsp;w Bia\u0142ogardzie. &nbsp;Pani kurator poruszy\u0142a na nim kwestie zwi\u0105zane z odpowiedzialno\u015bci\u0105 prawn\u0105 nieletnich. Przytoczy\u0142a artyku\u0142y z dw\u00f3ch najwa\u017cniejszych akt\u00f3w prawnych dotycz\u0105cych nieletnich: Ustaw\u0119 &hellip; <\/p>\n<p><a class=\"more-link btn\" href=\"https:\/\/zskarlino.pl\/?p=11303\">Czytaj dalej<\/a><\/p>\n","protected":false},"author":6,"featured_media":0,"comment_status":"closed","ping_status":"closed","sticky":false,"template":"","format":"standard","meta":{"footnotes":""},"categories":[3],"tags":[],"class_list":["post-11303","post","type-post","status-publish","format-standard","hentry","category-wydarzenia","item-wrap"],"_links":{"self":[{"href":"https:\/\/zskarlino.pl\/index.php?rest_route=\/wp\/v2\/posts\/11303","targetHints":{"allow":["GET"]}}],"collection":[{"href":"https:\/\/zskarlino.pl\/index.php?rest_route=\/wp\/v2\/posts"}],"about":[{"href":"https:\/\/zskarlino.pl\/index.php?rest_route=\/wp\/v2\/types\/post"}],"author":[{"embeddable":true,"href":"https:\/\/zskarlino.pl\/index.php?rest_route=\/wp\/v2\/users\/6"}],"replies":[{"embeddable":true,"href":"https:\/\/zskarlino.pl\/index.php?rest_route=%2Fwp%2Fv2%2Fcomments&post=11303"}],"version-history":[{"count":3,"href":"https:\/\/zskarlino.pl\/index.php?rest_route=\/wp\/v2\/posts\/11303\/revisions"}],"predecessor-version":[{"id":11356,"href":"https:\/\/zskarlino.pl\/index.php?rest_route=\/wp\/v2\/posts\/11303\/revisions\/11356"}],"wp:attachment":[{"href":"https:\/\/zskarlino.pl\/index.php?rest_route=%2Fwp%2Fv2%2Fmedia&parent=11303"}],"wp:term":[{"taxonomy":"category","embeddable":true,"href":"https:\/\/zskarlino.pl\/index.php?rest_route=%2Fwp%2Fv2%2Fcategories&post=11303"},{"taxonomy":"post_tag","embeddable":true,"href":"https:\/\/zskarlino.pl\/index.php?rest_route=%2Fwp%2Fv2%2Ftags&post=11303"}],"curies":[{"name":"wp","href":"https:\/\/api.w.org\/{rel}","templated":true}]}}