{"id":11296,"date":"2019-11-07T13:42:37","date_gmt":"2019-11-07T12:42:37","guid":{"rendered":"http:\/\/zskarlino.pl\/?p=11296"},"modified":"2019-11-08T09:46:07","modified_gmt":"2019-11-08T08:46:07","slug":"dzien-lasucha-2","status":"publish","type":"post","link":"https:\/\/zskarlino.pl\/?p=11296","title":{"rendered":"Dzie\u0144 \u0141asucha!"},"content":{"rendered":"\n<figure class=\"wp-block-image\"><img loading=\"lazy\" decoding=\"async\" width=\"1024\" height=\"536\" src=\"http:\/\/zskarlino.pl\/wp-content\/uploads\/2019\/11\/Plik_001-1024x536.png\" alt=\"\" class=\"wp-image-11297\" srcset=\"https:\/\/zskarlino.pl\/wp-content\/uploads\/2019\/11\/Plik_001-1024x536.png 1024w, https:\/\/zskarlino.pl\/wp-content\/uploads\/2019\/11\/Plik_001-300x157.png 300w, https:\/\/zskarlino.pl\/wp-content\/uploads\/2019\/11\/Plik_001-768x402.png 768w, https:\/\/zskarlino.pl\/wp-content\/uploads\/2019\/11\/Plik_001.png 2048w\" sizes=\"auto, (max-width: 1024px) 100vw, 1024px\" \/><\/figure>\n\n\n\n<p>Dzie\u0144 \u0141asucha to jeden z najs\u0142odszych dni w roku. Dzi\u0119ki zaanga\u017cowaniu wszystkich klas Zespo\u0142u Szk\u00f3\u0142 sto\u0142y a\u017c ugina\u0142y si\u0119 od s\u0142odko\u015bci,<\/p>\n\n\n\n<p>O dietce trzeba by\u0142o zapomnie\u0107!<\/p>\n\n\n\n<figure class=\"wp-block-image\"><img loading=\"lazy\" decoding=\"async\" width=\"1024\" height=\"769\" src=\"http:\/\/zskarlino.pl\/wp-content\/uploads\/2019\/11\/75424651_984919588534519_7812259049990258688_n-1024x769.jpg\" alt=\"\" class=\"wp-image-11298\" srcset=\"https:\/\/zskarlino.pl\/wp-content\/uploads\/2019\/11\/75424651_984919588534519_7812259049990258688_n-1024x769.jpg 1024w, https:\/\/zskarlino.pl\/wp-content\/uploads\/2019\/11\/75424651_984919588534519_7812259049990258688_n-300x225.jpg 300w, https:\/\/zskarlino.pl\/wp-content\/uploads\/2019\/11\/75424651_984919588534519_7812259049990258688_n-768x577.jpg 768w\" sizes=\"auto, (max-width: 1024px) 100vw, 1024px\" \/><figcaption>Pe\u0142na gotowo\u015b\u0107<\/figcaption><\/figure>\n\n\n\n<p>Kolejki ros\u0142y na ka\u017cdej przerwie.<\/p>\n\n\n\n<figure class=\"wp-block-image\"><img loading=\"lazy\" decoding=\"async\" width=\"1024\" height=\"768\" src=\"http:\/\/zskarlino.pl\/wp-content\/uploads\/2019\/11\/74701558_482959555636690_7595141680014032896_n-1024x768.jpg\" alt=\"\" class=\"wp-image-11299\" srcset=\"https:\/\/zskarlino.pl\/wp-content\/uploads\/2019\/11\/74701558_482959555636690_7595141680014032896_n-1024x768.jpg 1024w, https:\/\/zskarlino.pl\/wp-content\/uploads\/2019\/11\/74701558_482959555636690_7595141680014032896_n-300x225.jpg 300w, https:\/\/zskarlino.pl\/wp-content\/uploads\/2019\/11\/74701558_482959555636690_7595141680014032896_n-768x576.jpg 768w\" sizes=\"auto, (max-width: 1024px) 100vw, 1024px\" \/><\/figure>\n\n\n\n<p>A na koniec&#8230; ju\u017c tylko s\u0142odkie wspomnienia.<\/p>\n\n\n\n<figure class=\"wp-block-image\"><img loading=\"lazy\" decoding=\"async\" width=\"768\" height=\"1024\" src=\"http:\/\/zskarlino.pl\/wp-content\/uploads\/2019\/11\/Zdj\u0119cie-07.11.2019-13-29-20-1-768x1024.png\" alt=\"\" class=\"wp-image-11305\" srcset=\"https:\/\/zskarlino.pl\/wp-content\/uploads\/2019\/11\/Zdj\u0119cie-07.11.2019-13-29-20-1-768x1024.png 768w, https:\/\/zskarlino.pl\/wp-content\/uploads\/2019\/11\/Zdj\u0119cie-07.11.2019-13-29-20-1-225x300.png 225w, https:\/\/zskarlino.pl\/wp-content\/uploads\/2019\/11\/Zdj\u0119cie-07.11.2019-13-29-20-1.png 1536w\" sizes=\"auto, (max-width: 768px) 100vw, 768px\" \/><\/figure>\n","protected":false},"excerpt":{"rendered":"<p>Dzie\u0144 \u0141asucha to jeden z najs\u0142odszych dni w roku. Dzi\u0119ki zaanga\u017cowaniu wszystkich klas Zespo\u0142u Szk\u00f3\u0142 sto\u0142y a\u017c ugina\u0142y si\u0119 od s\u0142odko\u015bci, O dietce trzeba by\u0142o zapomnie\u0107! Kolejki ros\u0142y na ka\u017cdej przerwie. A na koniec&#8230; ju\u017c tylko s\u0142odkie wspomnienia.<\/p>\n","protected":false},"author":6,"featured_media":0,"comment_status":"closed","ping_status":"closed","sticky":false,"template":"","format":"standard","meta":{"footnotes":""},"categories":[3],"tags":[],"class_list":["post-11296","post","type-post","status-publish","format-standard","hentry","category-wydarzenia","item-wrap"],"_links":{"self":[{"href":"https:\/\/zskarlino.pl\/index.php?rest_route=\/wp\/v2\/posts\/11296","targetHints":{"allow":["GET"]}}],"collection":[{"href":"https:\/\/zskarlino.pl\/index.php?rest_route=\/wp\/v2\/posts"}],"about":[{"href":"https:\/\/zskarlino.pl\/index.php?rest_route=\/wp\/v2\/types\/post"}],"author":[{"embeddable":true,"href":"https:\/\/zskarlino.pl\/index.php?rest_route=\/wp\/v2\/users\/6"}],"replies":[{"embeddable":true,"href":"https:\/\/zskarlino.pl\/index.php?rest_route=%2Fwp%2Fv2%2Fcomments&post=11296"}],"version-history":[{"count":3,"href":"https:\/\/zskarlino.pl\/index.php?rest_route=\/wp\/v2\/posts\/11296\/revisions"}],"predecessor-version":[{"id":11308,"href":"https:\/\/zskarlino.pl\/index.php?rest_route=\/wp\/v2\/posts\/11296\/revisions\/11308"}],"wp:attachment":[{"href":"https:\/\/zskarlino.pl\/index.php?rest_route=%2Fwp%2Fv2%2Fmedia&parent=11296"}],"wp:term":[{"taxonomy":"category","embeddable":true,"href":"https:\/\/zskarlino.pl\/index.php?rest_route=%2Fwp%2Fv2%2Fcategories&post=11296"},{"taxonomy":"post_tag","embeddable":true,"href":"https:\/\/zskarlino.pl\/index.php?rest_route=%2Fwp%2Fv2%2Ftags&post=11296"}],"curies":[{"name":"wp","href":"https:\/\/api.w.org\/{rel}","templated":true}]}}