{"id":11215,"date":"2019-09-27T17:39:08","date_gmt":"2019-09-27T15:39:08","guid":{"rendered":"http:\/\/zskarlino.pl\/?p=11215"},"modified":"2019-09-28T17:45:14","modified_gmt":"2019-09-28T15:45:14","slug":"zachodniopomorskim-festiwalu-nauki","status":"publish","type":"post","link":"https:\/\/zskarlino.pl\/?p=11215","title":{"rendered":"Zachodniopomorski Festiwal Nauki"},"content":{"rendered":"\n<figure class=\"wp-block-image\"><img loading=\"lazy\" decoding=\"async\" width=\"800\" height=\"600\" src=\"http:\/\/zskarlino.pl\/wp-content\/uploads\/2019\/09\/1.jpg\" alt=\"\" class=\"wp-image-11216\" srcset=\"https:\/\/zskarlino.pl\/wp-content\/uploads\/2019\/09\/1.jpg 800w, https:\/\/zskarlino.pl\/wp-content\/uploads\/2019\/09\/1-300x225.jpg 300w, https:\/\/zskarlino.pl\/wp-content\/uploads\/2019\/09\/1-768x576.jpg 768w\" sizes=\"auto, (max-width: 800px) 100vw, 800px\" \/><\/figure>\n\n\n\n<h2 class=\"wp-block-heading\"><\/h2>\n\n\n\n<p>Dnia 26 wrze\u015bnia 2019 roku uczniowie z klas technikum (mechatronik oraz technik grafiki i poligrafii cyfrowej) z Zespo\u0142u Szk\u00f3\u0142 w Karlinie wzi\u0119li udzia\u0142 w Zachodniopomorskim Festiwalu Nauki zorganizowanym przez Politechnik\u0119 Koszali\u0144sk\u0105. <\/p>\n\n\n\n<div class=\"wp-block-image\"><figure class=\"aligncenter\"><img loading=\"lazy\" decoding=\"async\" width=\"800\" height=\"600\" src=\"http:\/\/zskarlino.pl\/wp-content\/uploads\/2019\/09\/2..jpg\" alt=\"\" class=\"wp-image-11217\" srcset=\"https:\/\/zskarlino.pl\/wp-content\/uploads\/2019\/09\/2..jpg 800w, https:\/\/zskarlino.pl\/wp-content\/uploads\/2019\/09\/2.-300x225.jpg 300w, https:\/\/zskarlino.pl\/wp-content\/uploads\/2019\/09\/2.-768x576.jpg 768w\" sizes=\"auto, (max-width: 800px) 100vw, 800px\" \/><\/figure><\/div>\n\n\n\n<p>Festiwal odbywa\u0142 si\u0119 na terenie kilku wydzia\u0142\u00f3w, a wi\u0119c nie uda\u0142o nam si\u0119 niestety uczestniczy\u0107 we wszystkich zaplanowanych wydarzeniach. <\/p>\n\n\n\n<div class=\"wp-block-image\"><figure class=\"aligncenter\"><img loading=\"lazy\" decoding=\"async\" width=\"800\" height=\"600\" src=\"http:\/\/zskarlino.pl\/wp-content\/uploads\/2019\/09\/3.1.jpg\" alt=\"\" class=\"wp-image-11218\" srcset=\"https:\/\/zskarlino.pl\/wp-content\/uploads\/2019\/09\/3.1.jpg 800w, https:\/\/zskarlino.pl\/wp-content\/uploads\/2019\/09\/3.1-300x225.jpg 300w, https:\/\/zskarlino.pl\/wp-content\/uploads\/2019\/09\/3.1-768x576.jpg 768w\" sizes=\"auto, (max-width: 800px) 100vw, 800px\" \/><\/figure><\/div>\n\n\n\n<div class=\"wp-block-image\"><figure class=\"aligncenter\"><img loading=\"lazy\" decoding=\"async\" width=\"800\" height=\"600\" src=\"http:\/\/zskarlino.pl\/wp-content\/uploads\/2019\/09\/3.2.jpg\" alt=\"\" class=\"wp-image-11219\" srcset=\"https:\/\/zskarlino.pl\/wp-content\/uploads\/2019\/09\/3.2.jpg 800w, https:\/\/zskarlino.pl\/wp-content\/uploads\/2019\/09\/3.2-300x225.jpg 300w, https:\/\/zskarlino.pl\/wp-content\/uploads\/2019\/09\/3.2-768x576.jpg 768w\" sizes=\"auto, (max-width: 800px) 100vw, 800px\" \/><\/figure><\/div>\n\n\n\n<p>Jednak\u017ce, aby wzi\u0105\u0107 udzia\u0142\u00a0w jak najwi\u0119kszej ilo\u015bci interesuj\u0105cych nas wyk\u0142ad\u00f3w i pokaz\u00f3w, podzielili\u015bmy si\u0119 na grupy, i udali\u015bmy si\u0119 na poszczeg\u00f3lne wydzia\u0142y. <\/p>\n\n\n\n<div class=\"wp-block-image\"><figure class=\"aligncenter\"><img loading=\"lazy\" decoding=\"async\" width=\"800\" height=\"600\" src=\"http:\/\/zskarlino.pl\/wp-content\/uploads\/2019\/09\/4..jpg\" alt=\"\" class=\"wp-image-11220\" srcset=\"https:\/\/zskarlino.pl\/wp-content\/uploads\/2019\/09\/4..jpg 800w, https:\/\/zskarlino.pl\/wp-content\/uploads\/2019\/09\/4.-300x225.jpg 300w, https:\/\/zskarlino.pl\/wp-content\/uploads\/2019\/09\/4.-768x576.jpg 768w\" sizes=\"auto, (max-width: 800px) 100vw, 800px\" \/><\/figure><\/div>\n\n\n\n<p>Podczas gdy jedna grupa bra\u0142a udzia\u0142 w wyk\u0142adach po\u015bwi\u0119conych mikrogeometrii powierzchni technicznych oraz ogl\u0105da\u0142a proces obr\u00f3bki powierzchniowej na wydziale mechanicznym, druga po obejrzeniu wystawy projekt\u00f3w pracowni oraz wzornictwa, wzi\u0119\u0142a udzia\u0142\u00a0w warsztatach maj\u0105cych na celu stworzenie logo oraz zaprojektowanie i zbudowanie wed\u0142ug swojego projektu konkretnego budynku. <\/p>\n\n\n\n<div class=\"wp-block-image\"><figure class=\"aligncenter\"><img loading=\"lazy\" decoding=\"async\" width=\"800\" height=\"600\" src=\"http:\/\/zskarlino.pl\/wp-content\/uploads\/2019\/09\/5..jpg\" alt=\"\" class=\"wp-image-11221\" srcset=\"https:\/\/zskarlino.pl\/wp-content\/uploads\/2019\/09\/5..jpg 800w, https:\/\/zskarlino.pl\/wp-content\/uploads\/2019\/09\/5.-300x225.jpg 300w, https:\/\/zskarlino.pl\/wp-content\/uploads\/2019\/09\/5.-768x576.jpg 768w\" sizes=\"auto, (max-width: 800px) 100vw, 800px\" \/><\/figure><\/div>\n\n\n\n<p>Na koniec wszyscy uczniowie wzi\u0119li udzia\u0142 w quizie tematycznym, zdobywaj\u0105c drobne upominki.\u00a0<\/p>\n\n\n\n<ul class=\"wp-block-gallery aligncenter columns-3 is-cropped wp-block-gallery-1 is-layout-flex wp-block-gallery-is-layout-flex\"><li class=\"blocks-gallery-item\"><figure><img loading=\"lazy\" decoding=\"async\" width=\"800\" height=\"600\" src=\"http:\/\/zskarlino.pl\/wp-content\/uploads\/2019\/09\/6..jpg\" alt=\"\" data-id=\"11222\" data-link=\"http:\/\/zskarlino.pl\/?attachment_id=11222\" class=\"wp-image-11222\" srcset=\"https:\/\/zskarlino.pl\/wp-content\/uploads\/2019\/09\/6..jpg 800w, https:\/\/zskarlino.pl\/wp-content\/uploads\/2019\/09\/6.-300x225.jpg 300w, https:\/\/zskarlino.pl\/wp-content\/uploads\/2019\/09\/6.-768x576.jpg 768w\" sizes=\"auto, (max-width: 800px) 100vw, 800px\" \/><\/figure><\/li><li class=\"blocks-gallery-item\"><figure><img loading=\"lazy\" decoding=\"async\" width=\"800\" height=\"600\" src=\"http:\/\/zskarlino.pl\/wp-content\/uploads\/2019\/09\/7.1.jpg\" alt=\"\" data-id=\"11223\" data-link=\"http:\/\/zskarlino.pl\/?attachment_id=11223\" class=\"wp-image-11223\" srcset=\"https:\/\/zskarlino.pl\/wp-content\/uploads\/2019\/09\/7.1.jpg 800w, https:\/\/zskarlino.pl\/wp-content\/uploads\/2019\/09\/7.1-300x225.jpg 300w, https:\/\/zskarlino.pl\/wp-content\/uploads\/2019\/09\/7.1-768x576.jpg 768w\" sizes=\"auto, (max-width: 800px) 100vw, 800px\" \/><\/figure><\/li><li class=\"blocks-gallery-item\"><figure><img loading=\"lazy\" decoding=\"async\" width=\"800\" height=\"600\" src=\"http:\/\/zskarlino.pl\/wp-content\/uploads\/2019\/09\/7.2.jpg\" alt=\"\" data-id=\"11224\" data-link=\"http:\/\/zskarlino.pl\/?attachment_id=11224\" class=\"wp-image-11224\" srcset=\"https:\/\/zskarlino.pl\/wp-content\/uploads\/2019\/09\/7.2.jpg 800w, https:\/\/zskarlino.pl\/wp-content\/uploads\/2019\/09\/7.2-300x225.jpg 300w, https:\/\/zskarlino.pl\/wp-content\/uploads\/2019\/09\/7.2-768x576.jpg 768w\" sizes=\"auto, (max-width: 800px) 100vw, 800px\" \/><\/figure><\/li><li class=\"blocks-gallery-item\"><figure><img loading=\"lazy\" decoding=\"async\" width=\"800\" height=\"600\" src=\"http:\/\/zskarlino.pl\/wp-content\/uploads\/2019\/09\/8.1.jpg\" alt=\"\" data-id=\"11225\" data-link=\"http:\/\/zskarlino.pl\/?attachment_id=11225\" class=\"wp-image-11225\" srcset=\"https:\/\/zskarlino.pl\/wp-content\/uploads\/2019\/09\/8.1.jpg 800w, https:\/\/zskarlino.pl\/wp-content\/uploads\/2019\/09\/8.1-300x225.jpg 300w, https:\/\/zskarlino.pl\/wp-content\/uploads\/2019\/09\/8.1-768x576.jpg 768w\" sizes=\"auto, (max-width: 800px) 100vw, 800px\" \/><\/figure><\/li><li class=\"blocks-gallery-item\"><figure><img loading=\"lazy\" decoding=\"async\" width=\"800\" height=\"600\" src=\"http:\/\/zskarlino.pl\/wp-content\/uploads\/2019\/09\/8.2.jpg\" alt=\"\" data-id=\"11226\" data-link=\"http:\/\/zskarlino.pl\/?attachment_id=11226\" class=\"wp-image-11226\" srcset=\"https:\/\/zskarlino.pl\/wp-content\/uploads\/2019\/09\/8.2.jpg 800w, https:\/\/zskarlino.pl\/wp-content\/uploads\/2019\/09\/8.2-300x225.jpg 300w, https:\/\/zskarlino.pl\/wp-content\/uploads\/2019\/09\/8.2-768x576.jpg 768w\" sizes=\"auto, (max-width: 800px) 100vw, 800px\" \/><\/figure><\/li><\/ul>\n\n\n\n<p style=\"text-align:right\"><em>RPW<\/em><\/p>\n","protected":false},"excerpt":{"rendered":"<p>Dnia 26 wrze\u015bnia 2019 roku uczniowie z klas technikum (mechatronik oraz technik grafiki i poligrafii cyfrowej) z Zespo\u0142u Szk\u00f3\u0142 w Karlinie wzi\u0119li udzia\u0142 w Zachodniopomorskim Festiwalu Nauki zorganizowanym przez Politechnik\u0119 Koszali\u0144sk\u0105. Festiwal odbywa\u0142 si\u0119 na terenie kilku wydzia\u0142\u00f3w, a wi\u0119c nie uda\u0142o nam si\u0119 niestety uczestniczy\u0107 we wszystkich zaplanowanych wydarzeniach. Jednak\u017ce, aby wzi\u0105\u0107 udzia\u0142\u00a0w jak &hellip; <\/p>\n<p><a class=\"more-link btn\" href=\"https:\/\/zskarlino.pl\/?p=11215\">Czytaj dalej<\/a><\/p>\n","protected":false},"author":6,"featured_media":0,"comment_status":"closed","ping_status":"closed","sticky":false,"template":"","format":"standard","meta":{"footnotes":""},"categories":[3],"tags":[],"class_list":["post-11215","post","type-post","status-publish","format-standard","hentry","category-wydarzenia","item-wrap"],"_links":{"self":[{"href":"https:\/\/zskarlino.pl\/index.php?rest_route=\/wp\/v2\/posts\/11215","targetHints":{"allow":["GET"]}}],"collection":[{"href":"https:\/\/zskarlino.pl\/index.php?rest_route=\/wp\/v2\/posts"}],"about":[{"href":"https:\/\/zskarlino.pl\/index.php?rest_route=\/wp\/v2\/types\/post"}],"author":[{"embeddable":true,"href":"https:\/\/zskarlino.pl\/index.php?rest_route=\/wp\/v2\/users\/6"}],"replies":[{"embeddable":true,"href":"https:\/\/zskarlino.pl\/index.php?rest_route=%2Fwp%2Fv2%2Fcomments&post=11215"}],"version-history":[{"count":2,"href":"https:\/\/zskarlino.pl\/index.php?rest_route=\/wp\/v2\/posts\/11215\/revisions"}],"predecessor-version":[{"id":11228,"href":"https:\/\/zskarlino.pl\/index.php?rest_route=\/wp\/v2\/posts\/11215\/revisions\/11228"}],"wp:attachment":[{"href":"https:\/\/zskarlino.pl\/index.php?rest_route=%2Fwp%2Fv2%2Fmedia&parent=11215"}],"wp:term":[{"taxonomy":"category","embeddable":true,"href":"https:\/\/zskarlino.pl\/index.php?rest_route=%2Fwp%2Fv2%2Fcategories&post=11215"},{"taxonomy":"post_tag","embeddable":true,"href":"https:\/\/zskarlino.pl\/index.php?rest_route=%2Fwp%2Fv2%2Ftags&post=11215"}],"curies":[{"name":"wp","href":"https:\/\/api.w.org\/{rel}","templated":true}]}}