{"id":11208,"date":"2019-09-25T17:36:13","date_gmt":"2019-09-25T15:36:13","guid":{"rendered":"http:\/\/zskarlino.pl\/?p=11208"},"modified":"2019-09-28T17:37:04","modified_gmt":"2019-09-28T15:37:04","slug":"mistrzostwa-powiatu-w-szkolnej-lidze-lekkoatletycznej","status":"publish","type":"post","link":"https:\/\/zskarlino.pl\/?p=11208","title":{"rendered":"Mistrzostwa Powiatu w Szkolnej Lidze Lekkoatletycznej"},"content":{"rendered":"\n<h2 class=\"wp-block-heading\"><\/h2>\n\n\n\n<div class=\"wp-block-image\"><figure class=\"aligncenter is-resized\"><img loading=\"lazy\" decoding=\"async\" src=\"http:\/\/zskarlino.pl\/wp-content\/uploads\/2019\/09\/1569344010244100314117837654878-768x1024.jpg\" alt=\"\" class=\"wp-image-11213\" width=\"307\" height=\"409\"\/><\/figure><\/div>\n\n\n\n<p>Dnia 24 wrze\u015bnia 2019 roku odby\u0142y si\u0119 Mistrzostwa Powiatu w&nbsp;<br>Szkolnej Lidze Lekkoatletycznej ch\u0142opc\u00f3w. <\/p>\n\n\n\n<div class=\"wp-block-image\"><figure class=\"aligncenter\"><img loading=\"lazy\" decoding=\"async\" width=\"800\" height=\"600\" src=\"http:\/\/zskarlino.pl\/wp-content\/uploads\/2019\/09\/20190924_170601.jpg\" alt=\"\" class=\"wp-image-11209\" srcset=\"https:\/\/zskarlino.pl\/wp-content\/uploads\/2019\/09\/20190924_170601.jpg 800w, https:\/\/zskarlino.pl\/wp-content\/uploads\/2019\/09\/20190924_170601-300x225.jpg 300w, https:\/\/zskarlino.pl\/wp-content\/uploads\/2019\/09\/20190924_170601-768x576.jpg 768w\" sizes=\"auto, (max-width: 800px) 100vw, 800px\" \/><\/figure><\/div>\n\n\n\n<p>Uczniowie spisali si\u0119 na medal, zajmuj\u0105c II miejsce.&nbsp;<br><\/p>\n\n\n\n<div class=\"wp-block-image\"><figure class=\"aligncenter\"><img loading=\"lazy\" decoding=\"async\" width=\"800\" height=\"600\" src=\"http:\/\/zskarlino.pl\/wp-content\/uploads\/2019\/09\/20190924_163053.jpg\" alt=\"\" class=\"wp-image-11211\" srcset=\"https:\/\/zskarlino.pl\/wp-content\/uploads\/2019\/09\/20190924_163053.jpg 800w, https:\/\/zskarlino.pl\/wp-content\/uploads\/2019\/09\/20190924_163053-300x225.jpg 300w, https:\/\/zskarlino.pl\/wp-content\/uploads\/2019\/09\/20190924_163053-768x576.jpg 768w\" sizes=\"auto, (max-width: 800px) 100vw, 800px\" \/><\/figure><\/div>\n\n\n\n<div class=\"wp-block-image\"><figure class=\"aligncenter\"><img loading=\"lazy\" decoding=\"async\" width=\"800\" height=\"600\" src=\"http:\/\/zskarlino.pl\/wp-content\/uploads\/2019\/09\/20190924_153725.jpg\" alt=\"\" class=\"wp-image-11212\" srcset=\"https:\/\/zskarlino.pl\/wp-content\/uploads\/2019\/09\/20190924_153725.jpg 800w, https:\/\/zskarlino.pl\/wp-content\/uploads\/2019\/09\/20190924_153725-300x225.jpg 300w, https:\/\/zskarlino.pl\/wp-content\/uploads\/2019\/09\/20190924_153725-768x576.jpg 768w\" sizes=\"auto, (max-width: 800px) 100vw, 800px\" \/><\/figure><\/div>\n\n\n\n<p style=\"text-align:center\"><strong>Reprezentacja ZS w Karlinie<br><\/strong>Staniszewski Dawid &#8211; I miejsce &nbsp;100 m<br>Sosi\u0144ski Damian &#8211; II miejsce 200 m<br>Augustyniak Klaudiusz &#8211; II miejsce 400 m<br>W\u00f3jcicki Seweryn &#8211; III miejsce 400 m<br>Maksalon Damian &#8211; III miejsce 1500 m<br>Kuba Patryk &#8211;&nbsp;II miejsce 1500 m<br>Woli\u0144ski Tomasz &#8211; I miejsce w skoku w dal<br>Szmagli\u0144ski Kacper &#8211; IV miejsce w skoku w dal<br>Szpiler Adrian &#8211; I miejsce w skoku wzwy\u017c<br>Milej Kacper &#8211; III miejsce w pchni\u0119ciu kul\u0105<br>Zajfert Szymon &#8211; II miejsce w rzucie oszczepem<\/p>\n\n\n\n<div class=\"wp-block-image\"><figure class=\"aligncenter\"><img loading=\"lazy\" decoding=\"async\" width=\"800\" height=\"600\" src=\"http:\/\/zskarlino.pl\/wp-content\/uploads\/2019\/09\/20190924_160921.jpg\" alt=\"\" class=\"wp-image-11210\" srcset=\"https:\/\/zskarlino.pl\/wp-content\/uploads\/2019\/09\/20190924_160921.jpg 800w, https:\/\/zskarlino.pl\/wp-content\/uploads\/2019\/09\/20190924_160921-300x225.jpg 300w, https:\/\/zskarlino.pl\/wp-content\/uploads\/2019\/09\/20190924_160921-768x576.jpg 768w\" sizes=\"auto, (max-width: 800px) 100vw, 800px\" \/><\/figure><\/div>\n\n\n\n<p style=\"text-align:right\"><em>Miros\u0142aw Spolski<\/em><\/p>\n\n\n\n<p><\/p>\n","protected":false},"excerpt":{"rendered":"<p>Dnia 24 wrze\u015bnia 2019 roku odby\u0142y si\u0119 Mistrzostwa Powiatu w&nbsp;Szkolnej Lidze Lekkoatletycznej ch\u0142opc\u00f3w. Uczniowie spisali si\u0119 na medal, zajmuj\u0105c II miejsce.&nbsp; Reprezentacja ZS w KarlinieStaniszewski Dawid &#8211; I miejsce &nbsp;100 mSosi\u0144ski Damian &#8211; II miejsce 200 mAugustyniak Klaudiusz &#8211; II miejsce 400 mW\u00f3jcicki Seweryn &#8211; III miejsce 400 mMaksalon Damian &#8211; III miejsce 1500 mKuba &hellip; <\/p>\n<p><a class=\"more-link btn\" href=\"https:\/\/zskarlino.pl\/?p=11208\">Czytaj dalej<\/a><\/p>\n","protected":false},"author":6,"featured_media":0,"comment_status":"closed","ping_status":"closed","sticky":false,"template":"","format":"standard","meta":{"footnotes":""},"categories":[17,3],"tags":[],"class_list":["post-11208","post","type-post","status-publish","format-standard","hentry","category-sport","category-wydarzenia","item-wrap"],"_links":{"self":[{"href":"https:\/\/zskarlino.pl\/index.php?rest_route=\/wp\/v2\/posts\/11208","targetHints":{"allow":["GET"]}}],"collection":[{"href":"https:\/\/zskarlino.pl\/index.php?rest_route=\/wp\/v2\/posts"}],"about":[{"href":"https:\/\/zskarlino.pl\/index.php?rest_route=\/wp\/v2\/types\/post"}],"author":[{"embeddable":true,"href":"https:\/\/zskarlino.pl\/index.php?rest_route=\/wp\/v2\/users\/6"}],"replies":[{"embeddable":true,"href":"https:\/\/zskarlino.pl\/index.php?rest_route=%2Fwp%2Fv2%2Fcomments&post=11208"}],"version-history":[{"count":1,"href":"https:\/\/zskarlino.pl\/index.php?rest_route=\/wp\/v2\/posts\/11208\/revisions"}],"predecessor-version":[{"id":11214,"href":"https:\/\/zskarlino.pl\/index.php?rest_route=\/wp\/v2\/posts\/11208\/revisions\/11214"}],"wp:attachment":[{"href":"https:\/\/zskarlino.pl\/index.php?rest_route=%2Fwp%2Fv2%2Fmedia&parent=11208"}],"wp:term":[{"taxonomy":"category","embeddable":true,"href":"https:\/\/zskarlino.pl\/index.php?rest_route=%2Fwp%2Fv2%2Fcategories&post=11208"},{"taxonomy":"post_tag","embeddable":true,"href":"https:\/\/zskarlino.pl\/index.php?rest_route=%2Fwp%2Fv2%2Ftags&post=11208"}],"curies":[{"name":"wp","href":"https:\/\/api.w.org\/{rel}","templated":true}]}}