{"id":10983,"date":"2019-06-14T14:37:34","date_gmt":"2019-06-14T12:37:34","guid":{"rendered":"http:\/\/zskarlino.pl\/?p=10983"},"modified":"2019-06-25T14:42:41","modified_gmt":"2019-06-25T12:42:41","slug":"podsumowanie-ii-semestru-roku-szkolnego-201819","status":"publish","type":"post","link":"https:\/\/zskarlino.pl\/?p=10983","title":{"rendered":"Podsumowanie II semestru roku szkolnego 2018\/19"},"content":{"rendered":"<p>Kolejny rok szkolny za nami&#8230;<\/p>\n<p>Zapraszamy do zapoznania si\u0119 z prezentacj\u0105 przedstawiaj\u0105c\u0105 jego podsumowanie.<\/p>\n<p><a href=\"http:\/\/zskarlino.pl\/wp-content\/uploads\/2019\/06\/Podsumowanie-II-SEM-2018_19.pdf\">Podsumowanie II SEM 2018_19<\/a><\/p>\n","protected":false},"excerpt":{"rendered":"<p>Kolejny rok szkolny za nami&#8230; Zapraszamy do zapoznania si\u0119 z prezentacj\u0105 przedstawiaj\u0105c\u0105 jego podsumowanie. Podsumowanie II SEM 2018_19<\/p>\n","protected":false},"author":8,"featured_media":0,"comment_status":"closed","ping_status":"closed","sticky":false,"template":"","format":"standard","meta":{"footnotes":""},"categories":[3],"tags":[],"class_list":["post-10983","post","type-post","status-publish","format-standard","hentry","category-wydarzenia","item-wrap"],"_links":{"self":[{"href":"https:\/\/zskarlino.pl\/index.php?rest_route=\/wp\/v2\/posts\/10983","targetHints":{"allow":["GET"]}}],"collection":[{"href":"https:\/\/zskarlino.pl\/index.php?rest_route=\/wp\/v2\/posts"}],"about":[{"href":"https:\/\/zskarlino.pl\/index.php?rest_route=\/wp\/v2\/types\/post"}],"author":[{"embeddable":true,"href":"https:\/\/zskarlino.pl\/index.php?rest_route=\/wp\/v2\/users\/8"}],"replies":[{"embeddable":true,"href":"https:\/\/zskarlino.pl\/index.php?rest_route=%2Fwp%2Fv2%2Fcomments&post=10983"}],"version-history":[{"count":3,"href":"https:\/\/zskarlino.pl\/index.php?rest_route=\/wp\/v2\/posts\/10983\/revisions"}],"predecessor-version":[{"id":10989,"href":"https:\/\/zskarlino.pl\/index.php?rest_route=\/wp\/v2\/posts\/10983\/revisions\/10989"}],"wp:attachment":[{"href":"https:\/\/zskarlino.pl\/index.php?rest_route=%2Fwp%2Fv2%2Fmedia&parent=10983"}],"wp:term":[{"taxonomy":"category","embeddable":true,"href":"https:\/\/zskarlino.pl\/index.php?rest_route=%2Fwp%2Fv2%2Fcategories&post=10983"},{"taxonomy":"post_tag","embeddable":true,"href":"https:\/\/zskarlino.pl\/index.php?rest_route=%2Fwp%2Fv2%2Ftags&post=10983"}],"curies":[{"name":"wp","href":"https:\/\/api.w.org\/{rel}","templated":true}]}}