{"id":10965,"date":"2019-06-07T14:20:40","date_gmt":"2019-06-07T12:20:40","guid":{"rendered":"http:\/\/zskarlino.pl\/?p=10965"},"modified":"2019-06-12T13:57:45","modified_gmt":"2019-06-12T11:57:45","slug":"niezwykla-lekcja-historii-2","status":"publish","type":"post","link":"https:\/\/zskarlino.pl\/?p=10965","title":{"rendered":"Niezwyk\u0142a lekcja historii"},"content":{"rendered":"<p style=\"text-align: justify;\">4 czerwca 2019 roku mieli\u015bmy przyjemno\u015b\u0107 go\u015bci\u0107 w szkole niezwyk\u0142ych go\u015bci \u2013 przedstawicieli Stowarzyszenia Grupa Rekonstrukcji Historycznej \u201eGryf\u201d \u2013 pan\u00f3w Marcina Ma\u015blank\u0119 oraz Paw\u0142a Stasiaka. Podczas spotkania w sali widowiskowej Karli\u0144skiego O\u015brodka Kultury przybli\u017cono zagadnienia zwi\u0105zane z problemem opozycji antykomunistycznej na naszych terenach. M\u0142odzie\u017c pozna\u0142a specyfik\u0119 dzia\u0142alno\u015bci grupy rekonstrukcyjnej oraz sfery ich zainteresowa\u0144 oraz obejrza\u0142a film zrealizowany przez GRH \u201eGryf\u201d pt. \u201ePierwsza Powojenna Konspiracja na Pomorzu \u015arodkowym\u201d<\/p>\n<p>Bardzo pouczaj\u0105ca lekcja za kt\u00f3r\u0105 dzi\u0119kujemy naszym go\u015bciom oraz inicjatorowi tego spotkania &#8211; naszemu koledze Miko\u0142ajowi Przyby\u0142.<\/p>\n<p><a href=\"http:\/\/zskarlino.pl\/wp-content\/uploads\/2019\/06\/1.jpg\" rel=\"lightbox[10965]\"><img loading=\"lazy\" decoding=\"async\" class=\"alignnone size-medium wp-image-10966\" src=\"http:\/\/zskarlino.pl\/wp-content\/uploads\/2019\/06\/1-300x225.jpg\" alt=\"1\" width=\"300\" height=\"225\" srcset=\"https:\/\/zskarlino.pl\/wp-content\/uploads\/2019\/06\/1-300x225.jpg 300w, https:\/\/zskarlino.pl\/wp-content\/uploads\/2019\/06\/1-1024x768.jpg 1024w\" sizes=\"auto, (max-width: 300px) 100vw, 300px\" \/><\/a> <a href=\"http:\/\/zskarlino.pl\/wp-content\/uploads\/2019\/06\/2.jpg\" rel=\"lightbox[10965]\"><img loading=\"lazy\" decoding=\"async\" class=\"alignnone size-medium wp-image-10967\" src=\"http:\/\/zskarlino.pl\/wp-content\/uploads\/2019\/06\/2-300x225.jpg\" alt=\"2\" width=\"300\" height=\"225\" srcset=\"https:\/\/zskarlino.pl\/wp-content\/uploads\/2019\/06\/2-300x225.jpg 300w, https:\/\/zskarlino.pl\/wp-content\/uploads\/2019\/06\/2-1024x768.jpg 1024w\" sizes=\"auto, (max-width: 300px) 100vw, 300px\" \/><\/a> <a href=\"http:\/\/zskarlino.pl\/wp-content\/uploads\/2019\/06\/3.jpg\" rel=\"lightbox[10965]\"><img loading=\"lazy\" decoding=\"async\" class=\"alignnone size-medium wp-image-10968\" src=\"http:\/\/zskarlino.pl\/wp-content\/uploads\/2019\/06\/3-300x225.jpg\" alt=\"3\" width=\"300\" height=\"225\" srcset=\"https:\/\/zskarlino.pl\/wp-content\/uploads\/2019\/06\/3-300x225.jpg 300w, https:\/\/zskarlino.pl\/wp-content\/uploads\/2019\/06\/3-1024x768.jpg 1024w\" sizes=\"auto, (max-width: 300px) 100vw, 300px\" \/><\/a> <a href=\"http:\/\/zskarlino.pl\/wp-content\/uploads\/2019\/06\/4.jpg\" rel=\"lightbox[10965]\"><img loading=\"lazy\" decoding=\"async\" class=\"alignnone size-medium wp-image-10969\" src=\"http:\/\/zskarlino.pl\/wp-content\/uploads\/2019\/06\/4-300x225.jpg\" alt=\"4\" width=\"300\" height=\"225\" srcset=\"https:\/\/zskarlino.pl\/wp-content\/uploads\/2019\/06\/4-300x225.jpg 300w, https:\/\/zskarlino.pl\/wp-content\/uploads\/2019\/06\/4-1024x768.jpg 1024w\" sizes=\"auto, (max-width: 300px) 100vw, 300px\" \/><\/a><\/p>\n<p>&nbsp;<\/p>\n","protected":false},"excerpt":{"rendered":"<p>4 czerwca 2019 roku mieli\u015bmy przyjemno\u015b\u0107 go\u015bci\u0107 w szkole niezwyk\u0142ych go\u015bci \u2013 przedstawicieli Stowarzyszenia Grupa Rekonstrukcji Historycznej \u201eGryf\u201d \u2013 pan\u00f3w Marcina Ma\u015blank\u0119 oraz Paw\u0142a Stasiaka. Podczas spotkania w sali widowiskowej Karli\u0144skiego O\u015brodka Kultury przybli\u017cono zagadnienia zwi\u0105zane z problemem opozycji antykomunistycznej na naszych terenach. M\u0142odzie\u017c pozna\u0142a specyfik\u0119 dzia\u0142alno\u015bci grupy rekonstrukcyjnej oraz sfery ich zainteresowa\u0144 oraz obejrza\u0142a &hellip; <\/p>\n<p><a class=\"more-link btn\" href=\"https:\/\/zskarlino.pl\/?p=10965\">Czytaj dalej<\/a><\/p>\n","protected":false},"author":8,"featured_media":0,"comment_status":"closed","ping_status":"closed","sticky":false,"template":"","format":"standard","meta":{"footnotes":""},"categories":[3],"tags":[],"class_list":["post-10965","post","type-post","status-publish","format-standard","hentry","category-wydarzenia","item-wrap"],"_links":{"self":[{"href":"https:\/\/zskarlino.pl\/index.php?rest_route=\/wp\/v2\/posts\/10965","targetHints":{"allow":["GET"]}}],"collection":[{"href":"https:\/\/zskarlino.pl\/index.php?rest_route=\/wp\/v2\/posts"}],"about":[{"href":"https:\/\/zskarlino.pl\/index.php?rest_route=\/wp\/v2\/types\/post"}],"author":[{"embeddable":true,"href":"https:\/\/zskarlino.pl\/index.php?rest_route=\/wp\/v2\/users\/8"}],"replies":[{"embeddable":true,"href":"https:\/\/zskarlino.pl\/index.php?rest_route=%2Fwp%2Fv2%2Fcomments&post=10965"}],"version-history":[{"count":3,"href":"https:\/\/zskarlino.pl\/index.php?rest_route=\/wp\/v2\/posts\/10965\/revisions"}],"predecessor-version":[{"id":10973,"href":"https:\/\/zskarlino.pl\/index.php?rest_route=\/wp\/v2\/posts\/10965\/revisions\/10973"}],"wp:attachment":[{"href":"https:\/\/zskarlino.pl\/index.php?rest_route=%2Fwp%2Fv2%2Fmedia&parent=10965"}],"wp:term":[{"taxonomy":"category","embeddable":true,"href":"https:\/\/zskarlino.pl\/index.php?rest_route=%2Fwp%2Fv2%2Fcategories&post=10965"},{"taxonomy":"post_tag","embeddable":true,"href":"https:\/\/zskarlino.pl\/index.php?rest_route=%2Fwp%2Fv2%2Ftags&post=10965"}],"curies":[{"name":"wp","href":"https:\/\/api.w.org\/{rel}","templated":true}]}}