{"id":10957,"date":"2019-05-30T21:45:31","date_gmt":"2019-05-30T19:45:31","guid":{"rendered":"http:\/\/zskarlino.pl\/?p=10957"},"modified":"2019-06-13T09:08:19","modified_gmt":"2019-06-13T07:08:19","slug":"10957","status":"publish","type":"post","link":"https:\/\/zskarlino.pl\/?p=10957","title":{"rendered":"Zawodoznawstwo w praktyce"},"content":{"rendered":"<div class='fotorama--wp' data-size='large'data-link='file'data-ids='10958,10959'data-itemtag='dl'data-icontag='dt'data-captiontag='dd'data-columns='0'data-width='750'data-auto='false'data-max-width='100%'data-ratio='1.3321492007105'>\n\t\t<style type=\"text\/css\">\n\t\t\t#gallery-1 {\n\t\t\t\tmargin: auto;\n\t\t\t}\n\t\t\t#gallery-1 .gallery-item {\n\t\t\t\tfloat: left;\n\t\t\t\tmargin-top: 10px;\n\t\t\t\ttext-align: center;\n\t\t\t\twidth: 100%;\n\t\t\t}\n\t\t\t#gallery-1 img {\n\t\t\t\tborder: 2px solid #cfcfcf;\n\t\t\t}\n\t\t\t#gallery-1 .gallery-caption {\n\t\t\t\tmargin-left: 0;\n\t\t\t}\n\t\t\t\/* see gallery_shortcode() in wp-includes\/media.php *\/\n\t\t<\/style>\n\t\t<div id='gallery-1' class='gallery galleryid-10957 gallery-columns-0 gallery-size-thumbnail'><dl class='gallery-item'>\n\t\t\t<dt class='gallery-icon landscape'>\n\t\t\t\t<a href='https:\/\/zskarlino.pl\/wp-content\/uploads\/2019\/06\/IMG_20190530_105135-1024x768.jpg' data-full='https:\/\/zskarlino.pl\/wp-content\/uploads\/2019\/06\/IMG_20190530_105135.jpg' rel=\"lightbox[10957]\"><img loading=\"lazy\" decoding=\"async\" width=\"150\" height=\"150\" src=\"https:\/\/zskarlino.pl\/wp-content\/uploads\/2019\/06\/IMG_20190530_105135-150x150.jpg\" class=\"attachment-thumbnail size-thumbnail\" alt=\"\" \/><\/a>\n\t\t\t<\/dt><\/dl><dl class='gallery-item'>\n\t\t\t<dt class='gallery-icon landscape'>\n\t\t\t\t<a href='https:\/\/zskarlino.pl\/wp-content\/uploads\/2019\/06\/IMG_20190530_111520-1024x768.jpg' data-full='https:\/\/zskarlino.pl\/wp-content\/uploads\/2019\/06\/IMG_20190530_111520.jpg' rel=\"lightbox[10957]\"><img loading=\"lazy\" decoding=\"async\" width=\"150\" height=\"150\" src=\"https:\/\/zskarlino.pl\/wp-content\/uploads\/2019\/06\/IMG_20190530_111520-150x150.jpg\" class=\"attachment-thumbnail size-thumbnail\" alt=\"\" \/><\/a>\n\t\t\t<\/dt><\/dl>\n\t\t<\/div>\n<\/div>\n<p style=\"text-align: justify;\">Dnia 30.05.2019 r. uczniowie klasy II Technikum i III Zasadniczej Szko\u0142y Zawodowej w ramach doradztwa zawodowego wzi\u0119li udzia\u0142 w spotkaniu z Pani\u0105 Ann\u0105 Zaniewsk\u0105 i Iwon\u0105 Der\u0105 przedstawicielkami Kabel-Technik-Polska Sp. z o.o. Celem spotkania by\u0142o przybli\u017cenie przysz\u0142ym pracownikom specyfiki firmy i oferty zatrudnienia. Firma ta specjalizuje si\u0119 w produkcji i projektowaniu wi\u0105zek kablowych i szaf sterowniczych. Jest dostawc\u0105 dla ga\u0142\u0119zi przemys\u0142u pojazd\u00f3w u\u017cytkowych (autobus\u00f3w i samochod\u00f3w ci\u0119\u017carowych), przemys\u0142u kolejowego, samochodowego, maszynowego oraz energetyki wiatrowej. Szczeg\u00f3\u0142owe informacje o firmie jaki i mo\u017cliwo\u015bci zatrudnienia na stronie <a href=\"http:\/\/www.pkcgroup.com\" target=\"_blank\" rel=\"noopener\">www.pkcgroup.com<\/a> lub rekrutacja_ktp@pkcgrup.com.<\/p>\n<p style=\"text-align: right;\"><em>Magdalena Mali\u0144ska<\/em><\/p>\n","protected":false},"excerpt":{"rendered":"<p>Dnia 30.05.2019 r. uczniowie klasy II Technikum i III Zasadniczej Szko\u0142y Zawodowej w ramach doradztwa zawodowego wzi\u0119li udzia\u0142 w spotkaniu z Pani\u0105 Ann\u0105 Zaniewsk\u0105 i Iwon\u0105 Der\u0105 przedstawicielkami Kabel-Technik-Polska Sp. z o.o. Celem spotkania by\u0142o przybli\u017cenie przysz\u0142ym pracownikom specyfiki firmy i oferty zatrudnienia. Firma ta specjalizuje si\u0119 w produkcji i projektowaniu wi\u0105zek kablowych i szaf &hellip; <\/p>\n<p><a class=\"more-link btn\" href=\"https:\/\/zskarlino.pl\/?p=10957\">Czytaj dalej<\/a><\/p>\n","protected":false},"author":6,"featured_media":0,"comment_status":"closed","ping_status":"closed","sticky":false,"template":"","format":"standard","meta":{"footnotes":""},"categories":[3],"tags":[],"class_list":["post-10957","post","type-post","status-publish","format-standard","hentry","category-wydarzenia","item-wrap"],"_links":{"self":[{"href":"https:\/\/zskarlino.pl\/index.php?rest_route=\/wp\/v2\/posts\/10957","targetHints":{"allow":["GET"]}}],"collection":[{"href":"https:\/\/zskarlino.pl\/index.php?rest_route=\/wp\/v2\/posts"}],"about":[{"href":"https:\/\/zskarlino.pl\/index.php?rest_route=\/wp\/v2\/types\/post"}],"author":[{"embeddable":true,"href":"https:\/\/zskarlino.pl\/index.php?rest_route=\/wp\/v2\/users\/6"}],"replies":[{"embeddable":true,"href":"https:\/\/zskarlino.pl\/index.php?rest_route=%2Fwp%2Fv2%2Fcomments&post=10957"}],"version-history":[{"count":4,"href":"https:\/\/zskarlino.pl\/index.php?rest_route=\/wp\/v2\/posts\/10957\/revisions"}],"predecessor-version":[{"id":10980,"href":"https:\/\/zskarlino.pl\/index.php?rest_route=\/wp\/v2\/posts\/10957\/revisions\/10980"}],"wp:attachment":[{"href":"https:\/\/zskarlino.pl\/index.php?rest_route=%2Fwp%2Fv2%2Fmedia&parent=10957"}],"wp:term":[{"taxonomy":"category","embeddable":true,"href":"https:\/\/zskarlino.pl\/index.php?rest_route=%2Fwp%2Fv2%2Fcategories&post=10957"},{"taxonomy":"post_tag","embeddable":true,"href":"https:\/\/zskarlino.pl\/index.php?rest_route=%2Fwp%2Fv2%2Ftags&post=10957"}],"curies":[{"name":"wp","href":"https:\/\/api.w.org\/{rel}","templated":true}]}}