{"id":10941,"date":"2019-05-22T16:59:33","date_gmt":"2019-05-22T14:59:33","guid":{"rendered":"http:\/\/zskarlino.pl\/?p=10941"},"modified":"2019-05-22T16:59:41","modified_gmt":"2019-05-22T14:59:41","slug":"mistrzostwa-powiatu-indywidualna-lekkoatletyka","status":"publish","type":"post","link":"https:\/\/zskarlino.pl\/?p=10941","title":{"rendered":"Mistrzostwa Powiatu &#8211; Indywidualna Lekkoatletyka"},"content":{"rendered":"<div class='fotorama--wp' data-size='large'data-columns='0'data-link='file'data-ids='10942,10943,10944'data-itemtag='dl'data-icontag='dt'data-captiontag='dd'data-width='666'data-auto='false'data-max-width='100%'data-ratio='1.7807486631016'>\n\t\t<style type=\"text\/css\">\n\t\t\t#gallery-1 {\n\t\t\t\tmargin: auto;\n\t\t\t}\n\t\t\t#gallery-1 .gallery-item {\n\t\t\t\tfloat: left;\n\t\t\t\tmargin-top: 10px;\n\t\t\t\ttext-align: center;\n\t\t\t\twidth: 100%;\n\t\t\t}\n\t\t\t#gallery-1 img {\n\t\t\t\tborder: 2px solid #cfcfcf;\n\t\t\t}\n\t\t\t#gallery-1 .gallery-caption {\n\t\t\t\tmargin-left: 0;\n\t\t\t}\n\t\t\t\/* see gallery_shortcode() in wp-includes\/media.php *\/\n\t\t<\/style>\n\t\t<div id='gallery-1' class='gallery galleryid-10941 gallery-columns-0 gallery-size-thumbnail'><dl class='gallery-item'>\n\t\t\t<dt class='gallery-icon landscape'>\n\t\t\t\t<a href='https:\/\/zskarlino.pl\/wp-content\/uploads\/2019\/05\/20190521_161735.jpg' data-full='https:\/\/zskarlino.pl\/wp-content\/uploads\/2019\/05\/20190521_161735.jpg' rel=\"lightbox[10941]\"><img loading=\"lazy\" decoding=\"async\" width=\"150\" height=\"150\" src=\"https:\/\/zskarlino.pl\/wp-content\/uploads\/2019\/05\/20190521_161735-150x150.jpg\" class=\"attachment-thumbnail size-thumbnail\" alt=\"\" \/><\/a>\n\t\t\t<\/dt><\/dl><dl class='gallery-item'>\n\t\t\t<dt class='gallery-icon landscape'>\n\t\t\t\t<a href='https:\/\/zskarlino.pl\/wp-content\/uploads\/2019\/05\/20190521_165857.jpg' data-full='https:\/\/zskarlino.pl\/wp-content\/uploads\/2019\/05\/20190521_165857.jpg' rel=\"lightbox[10941]\"><img loading=\"lazy\" decoding=\"async\" width=\"150\" height=\"150\" src=\"https:\/\/zskarlino.pl\/wp-content\/uploads\/2019\/05\/20190521_165857-150x150.jpg\" class=\"attachment-thumbnail size-thumbnail\" alt=\"\" \/><\/a>\n\t\t\t<\/dt><\/dl><dl class='gallery-item'>\n\t\t\t<dt class='gallery-icon landscape'>\n\t\t\t\t<a href='https:\/\/zskarlino.pl\/wp-content\/uploads\/2019\/05\/20190521_165902.jpg' data-full='https:\/\/zskarlino.pl\/wp-content\/uploads\/2019\/05\/20190521_165902.jpg' rel=\"lightbox[10941]\"><img loading=\"lazy\" decoding=\"async\" width=\"150\" height=\"150\" src=\"https:\/\/zskarlino.pl\/wp-content\/uploads\/2019\/05\/20190521_165902-150x150.jpg\" class=\"attachment-thumbnail size-thumbnail\" alt=\"\" \/><\/a>\n\t\t\t<\/dt><\/dl>\n\t\t<\/div>\n<\/div>\n<p>Dnia 21.05.2019 odby\u0142y si\u0119 Mistrzostwa Powiatu w Indywidualnej Lekkoatletyce. Uczniowie naszej szko\u0142y uczestniczyli w du\u017cej grupie w zawodach. Najlepsze wyniki osi\u0105gn\u0119li itym samym awansowali do fina\u0142u Wojew\u00f3dzkiego w \u015awinouj\u015bciu:<\/p>\n<ul>\n<li>Szymon Marciniak na dystansie 2000 m<\/li>\n<li>Nikola Mazur pchni\u0119ciu kul\u0105 &#8211; 10,30<\/li>\n<\/ul>\n<p>\u017byczymy powodzenia w finale!<\/p>\n<p>&nbsp;<\/p>\n<p style=\"text-align: right;\"><em>Miros\u0142aw Spolski<\/em><\/p>\n","protected":false},"excerpt":{"rendered":"<p>Dnia 21.05.2019 odby\u0142y si\u0119 Mistrzostwa Powiatu w Indywidualnej Lekkoatletyce. Uczniowie naszej szko\u0142y uczestniczyli w du\u017cej grupie w zawodach. Najlepsze wyniki osi\u0105gn\u0119li itym samym awansowali do fina\u0142u Wojew\u00f3dzkiego w \u015awinouj\u015bciu: Szymon Marciniak na dystansie 2000 m Nikola Mazur pchni\u0119ciu kul\u0105 &#8211; 10,30 \u017byczymy powodzenia w finale! &nbsp; Miros\u0142aw Spolski<\/p>\n","protected":false},"author":6,"featured_media":0,"comment_status":"closed","ping_status":"closed","sticky":false,"template":"","format":"standard","meta":{"footnotes":""},"categories":[3],"tags":[],"class_list":["post-10941","post","type-post","status-publish","format-standard","hentry","category-wydarzenia","item-wrap"],"_links":{"self":[{"href":"https:\/\/zskarlino.pl\/index.php?rest_route=\/wp\/v2\/posts\/10941","targetHints":{"allow":["GET"]}}],"collection":[{"href":"https:\/\/zskarlino.pl\/index.php?rest_route=\/wp\/v2\/posts"}],"about":[{"href":"https:\/\/zskarlino.pl\/index.php?rest_route=\/wp\/v2\/types\/post"}],"author":[{"embeddable":true,"href":"https:\/\/zskarlino.pl\/index.php?rest_route=\/wp\/v2\/users\/6"}],"replies":[{"embeddable":true,"href":"https:\/\/zskarlino.pl\/index.php?rest_route=%2Fwp%2Fv2%2Fcomments&post=10941"}],"version-history":[{"count":2,"href":"https:\/\/zskarlino.pl\/index.php?rest_route=\/wp\/v2\/posts\/10941\/revisions"}],"predecessor-version":[{"id":10946,"href":"https:\/\/zskarlino.pl\/index.php?rest_route=\/wp\/v2\/posts\/10941\/revisions\/10946"}],"wp:attachment":[{"href":"https:\/\/zskarlino.pl\/index.php?rest_route=%2Fwp%2Fv2%2Fmedia&parent=10941"}],"wp:term":[{"taxonomy":"category","embeddable":true,"href":"https:\/\/zskarlino.pl\/index.php?rest_route=%2Fwp%2Fv2%2Fcategories&post=10941"},{"taxonomy":"post_tag","embeddable":true,"href":"https:\/\/zskarlino.pl\/index.php?rest_route=%2Fwp%2Fv2%2Ftags&post=10941"}],"curies":[{"name":"wp","href":"https:\/\/api.w.org\/{rel}","templated":true}]}}