{"id":10889,"date":"2019-05-06T23:17:41","date_gmt":"2019-05-06T21:17:41","guid":{"rendered":"http:\/\/zskarlino.pl\/?p=10889"},"modified":"2019-05-06T23:17:41","modified_gmt":"2019-05-06T21:17:41","slug":"wings-for-life-world-run-polska-z-naszym-reprezentantem","status":"publish","type":"post","link":"https:\/\/zskarlino.pl\/?p=10889","title":{"rendered":"Wings for Life World Run Polska &#8211; z naszym reprezentantem"},"content":{"rendered":"<p><img loading=\"lazy\" decoding=\"async\" class=\"aligncenter size-full wp-image-10890\" src=\"http:\/\/zskarlino.pl\/wp-content\/uploads\/2019\/05\/1195D807-D89C-43A7-A622-DEDE6432B004.jpeg\" alt=\"1195D807-D89C-43A7-A622-DEDE6432B004\" width=\"720\" height=\"960\" srcset=\"https:\/\/zskarlino.pl\/wp-content\/uploads\/2019\/05\/1195D807-D89C-43A7-A622-DEDE6432B004.jpeg 720w, https:\/\/zskarlino.pl\/wp-content\/uploads\/2019\/05\/1195D807-D89C-43A7-A622-DEDE6432B004-225x300.jpeg 225w\" sizes=\"auto, (max-width: 720px) 100vw, 720px\" \/> <img loading=\"lazy\" decoding=\"async\" class=\"aligncenter size-full wp-image-10891\" src=\"http:\/\/zskarlino.pl\/wp-content\/uploads\/2019\/05\/1CB39EB9-EDDD-4A45-A64D-F37ED39A96A6.jpeg\" alt=\"1CB39EB9-EDDD-4A45-A64D-F37ED39A96A6\" width=\"541\" height=\"644\" srcset=\"https:\/\/zskarlino.pl\/wp-content\/uploads\/2019\/05\/1CB39EB9-EDDD-4A45-A64D-F37ED39A96A6.jpeg 541w, https:\/\/zskarlino.pl\/wp-content\/uploads\/2019\/05\/1CB39EB9-EDDD-4A45-A64D-F37ED39A96A6-252x300.jpeg 252w\" sizes=\"auto, (max-width: 541px) 100vw, 541px\" \/>Ucze\u0144 Gimnazjum w Karlinie Szymon Fabiszak wzi\u0105\u0142 udzia\u0142 w mi\u0119dzynarodowej akcji &#8211; biegu &#8222;Wings for Life World Run Polska&#8221;.<\/p>\n<p>Dla niewtajemniczonych &#8211; bieg ma na celu zebranie funduszy na badania nad rdzeniem kr\u0119gowym &#8211; dla os\u00f3b z uszkodzeniami, by kiedy\u015b mia\u0142y szans\u0119 stan\u0105\u0107 na w\u0142asnych nogach czy nawet zrobi\u0107 samodzielnie krok.<br \/>\nW tym roku \u015bcigaczem by\u0142 sam Adam Ma\u0142ysz.<br \/>\nNasz Szymon zosta\u0142 do\u015bcigni\u0119ty na 18 kilometrze.<br \/>\nSerdecznie gratulujemy udzia\u0142u i wyniku.<\/p>\n<p style=\"text-align: right;\"><em>Marzena Czarnas<\/em><\/p>\n<p>&nbsp;<\/p>\n","protected":false},"excerpt":{"rendered":"<p>Ucze\u0144 Gimnazjum w Karlinie Szymon Fabiszak wzi\u0105\u0142 udzia\u0142 w mi\u0119dzynarodowej akcji &#8211; biegu &#8222;Wings for Life World Run Polska&#8221;. Dla niewtajemniczonych &#8211; bieg ma na celu zebranie funduszy na badania nad rdzeniem kr\u0119gowym &#8211; dla os\u00f3b z uszkodzeniami, by kiedy\u015b mia\u0142y szans\u0119 stan\u0105\u0107 na w\u0142asnych nogach czy nawet zrobi\u0107 samodzielnie krok. W tym roku \u015bcigaczem &hellip; <\/p>\n<p><a class=\"more-link btn\" href=\"https:\/\/zskarlino.pl\/?p=10889\">Czytaj dalej<\/a><\/p>\n","protected":false},"author":6,"featured_media":0,"comment_status":"closed","ping_status":"closed","sticky":false,"template":"","format":"standard","meta":{"footnotes":""},"categories":[3],"tags":[],"class_list":["post-10889","post","type-post","status-publish","format-standard","hentry","category-wydarzenia","item-wrap"],"_links":{"self":[{"href":"https:\/\/zskarlino.pl\/index.php?rest_route=\/wp\/v2\/posts\/10889","targetHints":{"allow":["GET"]}}],"collection":[{"href":"https:\/\/zskarlino.pl\/index.php?rest_route=\/wp\/v2\/posts"}],"about":[{"href":"https:\/\/zskarlino.pl\/index.php?rest_route=\/wp\/v2\/types\/post"}],"author":[{"embeddable":true,"href":"https:\/\/zskarlino.pl\/index.php?rest_route=\/wp\/v2\/users\/6"}],"replies":[{"embeddable":true,"href":"https:\/\/zskarlino.pl\/index.php?rest_route=%2Fwp%2Fv2%2Fcomments&post=10889"}],"version-history":[{"count":1,"href":"https:\/\/zskarlino.pl\/index.php?rest_route=\/wp\/v2\/posts\/10889\/revisions"}],"predecessor-version":[{"id":10892,"href":"https:\/\/zskarlino.pl\/index.php?rest_route=\/wp\/v2\/posts\/10889\/revisions\/10892"}],"wp:attachment":[{"href":"https:\/\/zskarlino.pl\/index.php?rest_route=%2Fwp%2Fv2%2Fmedia&parent=10889"}],"wp:term":[{"taxonomy":"category","embeddable":true,"href":"https:\/\/zskarlino.pl\/index.php?rest_route=%2Fwp%2Fv2%2Fcategories&post=10889"},{"taxonomy":"post_tag","embeddable":true,"href":"https:\/\/zskarlino.pl\/index.php?rest_route=%2Fwp%2Fv2%2Ftags&post=10889"}],"curies":[{"name":"wp","href":"https:\/\/api.w.org\/{rel}","templated":true}]}}