{"id":10859,"date":"2019-04-25T11:00:32","date_gmt":"2019-04-25T09:00:32","guid":{"rendered":"http:\/\/zskarlino.pl\/?p=10859"},"modified":"2019-04-25T14:00:40","modified_gmt":"2019-04-25T12:00:40","slug":"organizacja-pracy-26-kwietnia-2019r","status":"publish","type":"post","link":"https:\/\/zskarlino.pl\/?p=10859","title":{"rendered":"Organizacja pracy 26 kwietnia 2019r."},"content":{"rendered":"<p><span style=\"text-decoration: underline;\"><strong>UWAGA uczniowie III ZSZ!<\/strong> <\/span><\/p>\n<p>Zaj\u0119cia w pi\u0105tek 26.04.2019 r. odb\u0119d\u0105 si\u0119 wg planu.<\/p>\n<p>Pozosta\u0142ych uczni\u00f3w (z gimnazjum i technikum) zapraszamy na uroczysto\u015b\u0107 Uko\u0144czenia Szko\u0142y przez naszych licealist\u00f3w na godz. 12.00<\/p>\n<p style=\"text-align: right;\">Justyna Syga<\/p>\n<p style=\"text-align: right;\">p.o. dyrektora<\/p>\n","protected":false},"excerpt":{"rendered":"<p>UWAGA uczniowie III ZSZ! Zaj\u0119cia w pi\u0105tek 26.04.2019 r. odb\u0119d\u0105 si\u0119 wg planu. Pozosta\u0142ych uczni\u00f3w (z gimnazjum i technikum) zapraszamy na uroczysto\u015b\u0107 Uko\u0144czenia Szko\u0142y przez naszych licealist\u00f3w na godz. 12.00 Justyna Syga p.o. dyrektora<\/p>\n","protected":false},"author":8,"featured_media":0,"comment_status":"closed","ping_status":"closed","sticky":false,"template":"","format":"standard","meta":{"footnotes":""},"categories":[3],"tags":[],"class_list":["post-10859","post","type-post","status-publish","format-standard","hentry","category-wydarzenia","item-wrap"],"_links":{"self":[{"href":"https:\/\/zskarlino.pl\/index.php?rest_route=\/wp\/v2\/posts\/10859","targetHints":{"allow":["GET"]}}],"collection":[{"href":"https:\/\/zskarlino.pl\/index.php?rest_route=\/wp\/v2\/posts"}],"about":[{"href":"https:\/\/zskarlino.pl\/index.php?rest_route=\/wp\/v2\/types\/post"}],"author":[{"embeddable":true,"href":"https:\/\/zskarlino.pl\/index.php?rest_route=\/wp\/v2\/users\/8"}],"replies":[{"embeddable":true,"href":"https:\/\/zskarlino.pl\/index.php?rest_route=%2Fwp%2Fv2%2Fcomments&post=10859"}],"version-history":[{"count":4,"href":"https:\/\/zskarlino.pl\/index.php?rest_route=\/wp\/v2\/posts\/10859\/revisions"}],"predecessor-version":[{"id":10863,"href":"https:\/\/zskarlino.pl\/index.php?rest_route=\/wp\/v2\/posts\/10859\/revisions\/10863"}],"wp:attachment":[{"href":"https:\/\/zskarlino.pl\/index.php?rest_route=%2Fwp%2Fv2%2Fmedia&parent=10859"}],"wp:term":[{"taxonomy":"category","embeddable":true,"href":"https:\/\/zskarlino.pl\/index.php?rest_route=%2Fwp%2Fv2%2Fcategories&post=10859"},{"taxonomy":"post_tag","embeddable":true,"href":"https:\/\/zskarlino.pl\/index.php?rest_route=%2Fwp%2Fv2%2Ftags&post=10859"}],"curies":[{"name":"wp","href":"https:\/\/api.w.org\/{rel}","templated":true}]}}