{"id":10854,"date":"2019-04-23T14:08:06","date_gmt":"2019-04-23T12:08:06","guid":{"rendered":"http:\/\/zskarlino.pl\/?p=10854"},"modified":"2019-04-23T14:08:06","modified_gmt":"2019-04-23T12:08:06","slug":"akcja-protestacyjna","status":"publish","type":"post","link":"https:\/\/zskarlino.pl\/?p=10854","title":{"rendered":"Akcja protestacyjna"},"content":{"rendered":"<p>Drodzy Uczniowie i Rodzice!<\/p>\n<p>Dyrektor Zespo\u0142u Szk\u00f3\u0142 w Karlinie informuje, \u017ce w zwi\u0105zku z przed\u0142u\u017caj\u0105c\u0105 si\u0119 akcj\u0105 protestacyjn\u0105 nauczycieli zaj\u0119cia lekcyjne s\u0105 zawieszone do odwo\u0142ania. Szko\u0142a zapewnia zaj\u0119cia opieku\u0144czo-wychowawcze dla zainteresowanych uczni\u00f3w.<\/p>\n<p>Zgodnie z wcze\u015bniejszymi ustaleniami jutrzejsze spotkanie dla uczni\u00f3w III LO odb\u0119dzie si\u0119 o godz. 9.00.<\/p>\n<p style=\"text-align: right;\">Zapraszam serdecznie!<\/p>\n<p style=\"text-align: right;\">Justyna Syga<\/p>\n<p style=\"text-align: right;\">p.o. Dyrektora ZS w Karlinie<\/p>\n","protected":false},"excerpt":{"rendered":"<p>Drodzy Uczniowie i Rodzice! Dyrektor Zespo\u0142u Szk\u00f3\u0142 w Karlinie informuje, \u017ce w zwi\u0105zku z przed\u0142u\u017caj\u0105c\u0105 si\u0119 akcj\u0105 protestacyjn\u0105 nauczycieli zaj\u0119cia lekcyjne s\u0105 zawieszone do odwo\u0142ania. Szko\u0142a zapewnia zaj\u0119cia opieku\u0144czo-wychowawcze dla zainteresowanych uczni\u00f3w. Zgodnie z wcze\u015bniejszymi ustaleniami jutrzejsze spotkanie dla uczni\u00f3w III LO odb\u0119dzie si\u0119 o godz. 9.00. Zapraszam serdecznie! Justyna Syga p.o. Dyrektora ZS w &hellip; <\/p>\n<p><a class=\"more-link btn\" href=\"https:\/\/zskarlino.pl\/?p=10854\">Czytaj dalej<\/a><\/p>\n","protected":false},"author":8,"featured_media":0,"comment_status":"closed","ping_status":"closed","sticky":false,"template":"","format":"standard","meta":{"footnotes":""},"categories":[3],"tags":[],"class_list":["post-10854","post","type-post","status-publish","format-standard","hentry","category-wydarzenia","item-wrap"],"_links":{"self":[{"href":"https:\/\/zskarlino.pl\/index.php?rest_route=\/wp\/v2\/posts\/10854","targetHints":{"allow":["GET"]}}],"collection":[{"href":"https:\/\/zskarlino.pl\/index.php?rest_route=\/wp\/v2\/posts"}],"about":[{"href":"https:\/\/zskarlino.pl\/index.php?rest_route=\/wp\/v2\/types\/post"}],"author":[{"embeddable":true,"href":"https:\/\/zskarlino.pl\/index.php?rest_route=\/wp\/v2\/users\/8"}],"replies":[{"embeddable":true,"href":"https:\/\/zskarlino.pl\/index.php?rest_route=%2Fwp%2Fv2%2Fcomments&post=10854"}],"version-history":[{"count":1,"href":"https:\/\/zskarlino.pl\/index.php?rest_route=\/wp\/v2\/posts\/10854\/revisions"}],"predecessor-version":[{"id":10855,"href":"https:\/\/zskarlino.pl\/index.php?rest_route=\/wp\/v2\/posts\/10854\/revisions\/10855"}],"wp:attachment":[{"href":"https:\/\/zskarlino.pl\/index.php?rest_route=%2Fwp%2Fv2%2Fmedia&parent=10854"}],"wp:term":[{"taxonomy":"category","embeddable":true,"href":"https:\/\/zskarlino.pl\/index.php?rest_route=%2Fwp%2Fv2%2Fcategories&post=10854"},{"taxonomy":"post_tag","embeddable":true,"href":"https:\/\/zskarlino.pl\/index.php?rest_route=%2Fwp%2Fv2%2Ftags&post=10854"}],"curies":[{"name":"wp","href":"https:\/\/api.w.org\/{rel}","templated":true}]}}