{"id":10839,"date":"2019-04-15T13:17:18","date_gmt":"2019-04-15T11:17:18","guid":{"rendered":"http:\/\/zskarlino.pl\/?p=10839"},"modified":"2019-04-15T13:17:18","modified_gmt":"2019-04-15T11:17:18","slug":"organizacja-pracy-w-dniach-15-17-kwietnia-2019r","status":"publish","type":"post","link":"https:\/\/zskarlino.pl\/?p=10839","title":{"rendered":"Organizacja pracy w dniach 15 &#8211; 17 kwietnia 2019r."},"content":{"rendered":"<p>Drodzy Rodzice i Uczniowie!<\/p>\n<p>W zwi\u0105zku z przed\u0142u\u017caj\u0105c\u0105 si\u0119 akcj\u0105 protestacyjn\u0105 informuj\u0119, \u017ce do\u00a0przerwy \u015bwi\u0105tecznej tj. do 17 kwietnia 2019 r. w Zespole Szk\u00f3\u0142 w Karlinie odbywa\u0107 si\u0119 b\u0119d\u0105 jedynie zaj\u0119cia opieku\u0144czo-wychowawcze dla uczni\u00f3w wymagaj\u0105cych opieki.<\/p>\n<p>Dodatkowo\u00a0w dniu 16 kwietnia zapraszamy uczni\u00f3w klasy maturalnej na konsultacje maturalne do godz. 12.30.<\/p>\n<p>Justyna Syga<\/p>\n<p>p. o. dyrektora<\/p>\n","protected":false},"excerpt":{"rendered":"<p>Drodzy Rodzice i Uczniowie! W zwi\u0105zku z przed\u0142u\u017caj\u0105c\u0105 si\u0119 akcj\u0105 protestacyjn\u0105 informuj\u0119, \u017ce do\u00a0przerwy \u015bwi\u0105tecznej tj. do 17 kwietnia 2019 r. w Zespole Szk\u00f3\u0142 w Karlinie odbywa\u0107 si\u0119 b\u0119d\u0105 jedynie zaj\u0119cia opieku\u0144czo-wychowawcze dla uczni\u00f3w wymagaj\u0105cych opieki. Dodatkowo\u00a0w dniu 16 kwietnia zapraszamy uczni\u00f3w klasy maturalnej na konsultacje maturalne do godz. 12.30. Justyna Syga p. o. dyrektora<\/p>\n","protected":false},"author":8,"featured_media":0,"comment_status":"closed","ping_status":"closed","sticky":false,"template":"","format":"standard","meta":{"footnotes":""},"categories":[3],"tags":[],"class_list":["post-10839","post","type-post","status-publish","format-standard","hentry","category-wydarzenia","item-wrap"],"_links":{"self":[{"href":"https:\/\/zskarlino.pl\/index.php?rest_route=\/wp\/v2\/posts\/10839","targetHints":{"allow":["GET"]}}],"collection":[{"href":"https:\/\/zskarlino.pl\/index.php?rest_route=\/wp\/v2\/posts"}],"about":[{"href":"https:\/\/zskarlino.pl\/index.php?rest_route=\/wp\/v2\/types\/post"}],"author":[{"embeddable":true,"href":"https:\/\/zskarlino.pl\/index.php?rest_route=\/wp\/v2\/users\/8"}],"replies":[{"embeddable":true,"href":"https:\/\/zskarlino.pl\/index.php?rest_route=%2Fwp%2Fv2%2Fcomments&post=10839"}],"version-history":[{"count":1,"href":"https:\/\/zskarlino.pl\/index.php?rest_route=\/wp\/v2\/posts\/10839\/revisions"}],"predecessor-version":[{"id":10840,"href":"https:\/\/zskarlino.pl\/index.php?rest_route=\/wp\/v2\/posts\/10839\/revisions\/10840"}],"wp:attachment":[{"href":"https:\/\/zskarlino.pl\/index.php?rest_route=%2Fwp%2Fv2%2Fmedia&parent=10839"}],"wp:term":[{"taxonomy":"category","embeddable":true,"href":"https:\/\/zskarlino.pl\/index.php?rest_route=%2Fwp%2Fv2%2Fcategories&post=10839"},{"taxonomy":"post_tag","embeddable":true,"href":"https:\/\/zskarlino.pl\/index.php?rest_route=%2Fwp%2Fv2%2Ftags&post=10839"}],"curies":[{"name":"wp","href":"https:\/\/api.w.org\/{rel}","templated":true}]}}