{"id":10835,"date":"2019-04-12T14:01:50","date_gmt":"2019-04-12T12:01:50","guid":{"rendered":"http:\/\/zskarlino.pl\/?p=10835"},"modified":"2019-04-12T14:05:32","modified_gmt":"2019-04-12T12:05:32","slug":"akcja-protestacyjna-w-zs-w-karlinie","status":"publish","type":"post","link":"https:\/\/zskarlino.pl\/?p=10835","title":{"rendered":"Akcja protestacyjna w ZS w Karlinie"},"content":{"rendered":"<p>Drodzy rodzice, Uczniowie, S\u0142uchacze!<\/p>\n<p>W zwi\u0105zku z informacj\u0105 przekazan\u0105 przez Komitet Strajkowy informuj\u0119, \u017ce akcja protestacyjna w Zespole Szk\u00f3\u0142 w Karlinie zostaje zawieszona na dzie\u0144 13.04.2019 r. W najbli\u017csz\u0105 sobot\u0119 odb\u0119d\u0105 si\u0119 egzaminy w VI semestrze LOD oraz zaj\u0119cia dla IV semestru.<\/p>\n<p>Od poniedzia\u0142ku akcja protestacyjna ma by\u0107 wznowiona, zatem w poniedzia\u0142ek 15 kwietnia 2019 r. odb\u0119d\u0105 si\u0119 tylko zaj\u0119cia opieku\u0144czo-wychowawcze dla uczni\u00f3w wymagaj\u0105cych opieki.<br \/>\nO organizacji pracy w kolejnych dniach zostan\u0105 Pa\u0144stwo poinformowani w poniedzia\u0142ek.<\/p>\n<p style=\"text-align: right;\">Justyna Syga<\/p>\n<p style=\"text-align: right;\">p.o.dyrektora ZS w Karlinie<\/p>\n","protected":false},"excerpt":{"rendered":"<p>Drodzy rodzice, Uczniowie, S\u0142uchacze! W zwi\u0105zku z informacj\u0105 przekazan\u0105 przez Komitet Strajkowy informuj\u0119, \u017ce akcja protestacyjna w Zespole Szk\u00f3\u0142 w Karlinie zostaje zawieszona na dzie\u0144 13.04.2019 r. W najbli\u017csz\u0105 sobot\u0119 odb\u0119d\u0105 si\u0119 egzaminy w VI semestrze LOD oraz zaj\u0119cia dla IV semestru. Od poniedzia\u0142ku akcja protestacyjna ma by\u0107 wznowiona, zatem w poniedzia\u0142ek 15 kwietnia 2019 &hellip; <\/p>\n<p><a class=\"more-link btn\" href=\"https:\/\/zskarlino.pl\/?p=10835\">Czytaj dalej<\/a><\/p>\n","protected":false},"author":8,"featured_media":0,"comment_status":"closed","ping_status":"closed","sticky":false,"template":"","format":"standard","meta":{"footnotes":""},"categories":[3],"tags":[],"class_list":["post-10835","post","type-post","status-publish","format-standard","hentry","category-wydarzenia","item-wrap"],"_links":{"self":[{"href":"https:\/\/zskarlino.pl\/index.php?rest_route=\/wp\/v2\/posts\/10835","targetHints":{"allow":["GET"]}}],"collection":[{"href":"https:\/\/zskarlino.pl\/index.php?rest_route=\/wp\/v2\/posts"}],"about":[{"href":"https:\/\/zskarlino.pl\/index.php?rest_route=\/wp\/v2\/types\/post"}],"author":[{"embeddable":true,"href":"https:\/\/zskarlino.pl\/index.php?rest_route=\/wp\/v2\/users\/8"}],"replies":[{"embeddable":true,"href":"https:\/\/zskarlino.pl\/index.php?rest_route=%2Fwp%2Fv2%2Fcomments&post=10835"}],"version-history":[{"count":3,"href":"https:\/\/zskarlino.pl\/index.php?rest_route=\/wp\/v2\/posts\/10835\/revisions"}],"predecessor-version":[{"id":10838,"href":"https:\/\/zskarlino.pl\/index.php?rest_route=\/wp\/v2\/posts\/10835\/revisions\/10838"}],"wp:attachment":[{"href":"https:\/\/zskarlino.pl\/index.php?rest_route=%2Fwp%2Fv2%2Fmedia&parent=10835"}],"wp:term":[{"taxonomy":"category","embeddable":true,"href":"https:\/\/zskarlino.pl\/index.php?rest_route=%2Fwp%2Fv2%2Fcategories&post=10835"},{"taxonomy":"post_tag","embeddable":true,"href":"https:\/\/zskarlino.pl\/index.php?rest_route=%2Fwp%2Fv2%2Ftags&post=10835"}],"curies":[{"name":"wp","href":"https:\/\/api.w.org\/{rel}","templated":true}]}}