{"id":10817,"date":"2019-04-08T21:20:14","date_gmt":"2019-04-08T19:20:14","guid":{"rendered":"http:\/\/zskarlino.pl\/?p=10817"},"modified":"2019-04-08T21:20:14","modified_gmt":"2019-04-08T19:20:14","slug":"egzamin-gimnazjalny-2019","status":"publish","type":"post","link":"https:\/\/zskarlino.pl\/?p=10817","title":{"rendered":"Egzamin gimnazjalny 2019"},"content":{"rendered":"<p><em><\/em>W dniach\u00a0<span style=\"color: #800000;\"><strong>10,11,12 kwietnia 2019 r.<\/strong>\u00a0<\/span>odb\u0119dzie si\u0119\u00a0<strong>EGZAMIN GIMNAZJALNY<\/strong>.<\/p>\n<p>Egzamin jest\u00a0<strong>obowi\u0105zkowy<\/strong>\u00a0dla klas III GIM &#8211; przyst\u0105pienie do niego jest warunkiem uko\u0144czenia szko\u0142y\u00a0(je\u017celi kto\u015b nie przyst\u0105pi do egzaminu, b\u0119dzie musia\u0142 powt\u00f3rzy\u0107 ostatni\u0105 klas\u0119).<\/p>\n<p>Ucze\u0144 zg\u0142asza si\u0119 w dniu egzaminu o godz.\u00a0<strong>8.00\u00a0<\/strong><\/p>\n<p><strong>Ucze\u0144 powinien mie\u0107:<\/strong><\/p>\n<ul>\n<li>legitymacj\u0119 lub inny dow\u00f3d to\u017csamo\u015bci ze zdj\u0119ciem,<\/li>\n<li>d\u0142ugopis z\u00a0<strong>czarnym<\/strong>\u00a0tuszem, przeznaczony do zapisywania rozwi\u0105za\u0144 (odpowiedzi),<\/li>\n<li>dodatkowo na egzaminie z matematyki ka\u017cdy zdaj\u0105cy powinien mie\u0107 linijk\u0119. Rysunki \u2013 je\u017celi trzeba je wykona\u0107 \u2013 zdaj\u0105cy wykonuj\u0105 d\u0142ugopisem.\u00a0<strong>Nie wykonuje si\u0119 rysunk\u00f3w o\u0142\u00f3wkiem.<\/strong><\/li>\n<\/ul>\n<p><strong>Ucze\u0144 mo\u017ce wnie\u015b\u0107<\/strong>\u00a0<strong>ma\u0142\u0105 butelk\u0119 wody<\/strong>\u00a0&#8211; mniej ni\u017c 1 litr (zakaz stawiania jej na stoliku).<\/p>\n<p><strong><span style=\"color: #800000;\">Ucze\u0144 nie mo\u017ce wnosi\u0107 do sali urz\u0105dze\u0144 telekomunikacyjnych !<\/span><\/strong><\/p>\n<p>Osoby z chorobami przewlek\u0142ymi, chore lub niesprawne czasowo mog\u0105 korzysta\u0107 z zaleconego przez lekarza sprz\u0119tu medycznego\u00a0i lek\u00f3w koniecznych ze wzgl\u0119du na chorob\u0119.<\/p>\n<p style=\"text-align: center;\"><a href=\"http:\/\/zskarlino.pl\/wp-content\/uploads\/2019\/04\/1453.jpg\" rel=\"lightbox[10817]\"><img loading=\"lazy\" decoding=\"async\" class=\"size-medium wp-image-10818 aligncenter\" src=\"http:\/\/zskarlino.pl\/wp-content\/uploads\/2019\/04\/1453-300x250.jpg\" alt=\"1453\" width=\"300\" height=\"250\" srcset=\"https:\/\/zskarlino.pl\/wp-content\/uploads\/2019\/04\/1453-300x250.jpg 300w, https:\/\/zskarlino.pl\/wp-content\/uploads\/2019\/04\/1453.jpg 400w\" sizes=\"auto, (max-width: 300px) 100vw, 300px\" \/><\/a><\/p>\n","protected":false},"excerpt":{"rendered":"<p>W dniach\u00a010,11,12 kwietnia 2019 r.\u00a0odb\u0119dzie si\u0119\u00a0EGZAMIN GIMNAZJALNY. Egzamin jest\u00a0obowi\u0105zkowy\u00a0dla klas III GIM &#8211; przyst\u0105pienie do niego jest warunkiem uko\u0144czenia szko\u0142y\u00a0(je\u017celi kto\u015b nie przyst\u0105pi do egzaminu, b\u0119dzie musia\u0142 powt\u00f3rzy\u0107 ostatni\u0105 klas\u0119). Ucze\u0144 zg\u0142asza si\u0119 w dniu egzaminu o godz.\u00a08.00\u00a0 Ucze\u0144 powinien mie\u0107: legitymacj\u0119 lub inny dow\u00f3d to\u017csamo\u015bci ze zdj\u0119ciem, d\u0142ugopis z\u00a0czarnym\u00a0tuszem, przeznaczony do zapisywania rozwi\u0105za\u0144 (odpowiedzi), &hellip; <\/p>\n<p><a class=\"more-link btn\" href=\"https:\/\/zskarlino.pl\/?p=10817\">Czytaj dalej<\/a><\/p>\n","protected":false},"author":3,"featured_media":0,"comment_status":"closed","ping_status":"closed","sticky":false,"template":"","format":"standard","meta":{"footnotes":""},"categories":[3],"tags":[],"class_list":["post-10817","post","type-post","status-publish","format-standard","hentry","category-wydarzenia","item-wrap"],"_links":{"self":[{"href":"https:\/\/zskarlino.pl\/index.php?rest_route=\/wp\/v2\/posts\/10817","targetHints":{"allow":["GET"]}}],"collection":[{"href":"https:\/\/zskarlino.pl\/index.php?rest_route=\/wp\/v2\/posts"}],"about":[{"href":"https:\/\/zskarlino.pl\/index.php?rest_route=\/wp\/v2\/types\/post"}],"author":[{"embeddable":true,"href":"https:\/\/zskarlino.pl\/index.php?rest_route=\/wp\/v2\/users\/3"}],"replies":[{"embeddable":true,"href":"https:\/\/zskarlino.pl\/index.php?rest_route=%2Fwp%2Fv2%2Fcomments&post=10817"}],"version-history":[{"count":1,"href":"https:\/\/zskarlino.pl\/index.php?rest_route=\/wp\/v2\/posts\/10817\/revisions"}],"predecessor-version":[{"id":10819,"href":"https:\/\/zskarlino.pl\/index.php?rest_route=\/wp\/v2\/posts\/10817\/revisions\/10819"}],"wp:attachment":[{"href":"https:\/\/zskarlino.pl\/index.php?rest_route=%2Fwp%2Fv2%2Fmedia&parent=10817"}],"wp:term":[{"taxonomy":"category","embeddable":true,"href":"https:\/\/zskarlino.pl\/index.php?rest_route=%2Fwp%2Fv2%2Fcategories&post=10817"},{"taxonomy":"post_tag","embeddable":true,"href":"https:\/\/zskarlino.pl\/index.php?rest_route=%2Fwp%2Fv2%2Ftags&post=10817"}],"curies":[{"name":"wp","href":"https:\/\/api.w.org\/{rel}","templated":true}]}}