{"id":10815,"date":"2019-04-08T14:28:20","date_gmt":"2019-04-08T12:28:20","guid":{"rendered":"http:\/\/zskarlino.pl\/?p=10815"},"modified":"2019-04-08T14:28:20","modified_gmt":"2019-04-08T12:28:20","slug":"organizacja-pracy-podczas-akcji-protestacyjnej","status":"publish","type":"post","link":"https:\/\/zskarlino.pl\/?p=10815","title":{"rendered":"Organizacja pracy podczas akcji protestacyjnej"},"content":{"rendered":"<p>Drodzy Rodzice i Uczniowie!<br \/>\nInformujemy, \u017ce 8 kwietnia 2019 r. rozpocz\u0119\u0142a si\u0119 w szkole akcja protestacyjna, kt\u00f3ra trwa\u0107 b\u0119dzie do odwo\u0142ania.<br \/>\nW dniu 9. kwietnia nie odb\u0119d\u0105 si\u0119 zaj\u0119cia dydaktyczne, szko\u0142a zapewnia zaj\u0119cia opieku\u0144czo-wychowawcze.<\/p>\n<p>Justyna Syga<br \/>\np.o. Dyrektora Zespo\u0142u Szk\u00f3\u0142 w Karlinie<\/p>\n","protected":false},"excerpt":{"rendered":"<p>Drodzy Rodzice i Uczniowie! Informujemy, \u017ce 8 kwietnia 2019 r. rozpocz\u0119\u0142a si\u0119 w szkole akcja protestacyjna, kt\u00f3ra trwa\u0107 b\u0119dzie do odwo\u0142ania. W dniu 9. kwietnia nie odb\u0119d\u0105 si\u0119 zaj\u0119cia dydaktyczne, szko\u0142a zapewnia zaj\u0119cia opieku\u0144czo-wychowawcze. Justyna Syga p.o. Dyrektora Zespo\u0142u Szk\u00f3\u0142 w Karlinie<\/p>\n","protected":false},"author":8,"featured_media":0,"comment_status":"closed","ping_status":"closed","sticky":false,"template":"","format":"standard","meta":{"footnotes":""},"categories":[3],"tags":[],"class_list":["post-10815","post","type-post","status-publish","format-standard","hentry","category-wydarzenia","item-wrap"],"_links":{"self":[{"href":"https:\/\/zskarlino.pl\/index.php?rest_route=\/wp\/v2\/posts\/10815","targetHints":{"allow":["GET"]}}],"collection":[{"href":"https:\/\/zskarlino.pl\/index.php?rest_route=\/wp\/v2\/posts"}],"about":[{"href":"https:\/\/zskarlino.pl\/index.php?rest_route=\/wp\/v2\/types\/post"}],"author":[{"embeddable":true,"href":"https:\/\/zskarlino.pl\/index.php?rest_route=\/wp\/v2\/users\/8"}],"replies":[{"embeddable":true,"href":"https:\/\/zskarlino.pl\/index.php?rest_route=%2Fwp%2Fv2%2Fcomments&post=10815"}],"version-history":[{"count":1,"href":"https:\/\/zskarlino.pl\/index.php?rest_route=\/wp\/v2\/posts\/10815\/revisions"}],"predecessor-version":[{"id":10816,"href":"https:\/\/zskarlino.pl\/index.php?rest_route=\/wp\/v2\/posts\/10815\/revisions\/10816"}],"wp:attachment":[{"href":"https:\/\/zskarlino.pl\/index.php?rest_route=%2Fwp%2Fv2%2Fmedia&parent=10815"}],"wp:term":[{"taxonomy":"category","embeddable":true,"href":"https:\/\/zskarlino.pl\/index.php?rest_route=%2Fwp%2Fv2%2Fcategories&post=10815"},{"taxonomy":"post_tag","embeddable":true,"href":"https:\/\/zskarlino.pl\/index.php?rest_route=%2Fwp%2Fv2%2Ftags&post=10815"}],"curies":[{"name":"wp","href":"https:\/\/api.w.org\/{rel}","templated":true}]}}