{"id":10811,"date":"2019-04-05T08:04:32","date_gmt":"2019-04-05T06:04:32","guid":{"rendered":"http:\/\/zskarlino.pl\/?p=10811"},"modified":"2019-04-05T08:04:32","modified_gmt":"2019-04-05T06:04:32","slug":"organizacja-pracy-szkoly-od-08-04-2019-r","status":"publish","type":"post","link":"https:\/\/zskarlino.pl\/?p=10811","title":{"rendered":"Organizacja pracy szko\u0142y od 08.04.2019 r."},"content":{"rendered":"<p style=\"text-align: left;\">Drodzy Rodzice i Uczniowie!<br \/>\nDyrektor Zespo\u0142u Szk\u00f3\u0142 w Karlinie informuje,\u017ce 8 kwietnia 2019 r. najprawdopodobniej rozpocznie si\u0119 w szkole akcja strajkowa, kt\u00f3ra mo\u017ce wp\u0142yn\u0105\u0107 na zmiany w planie lekcji.\u00a0Szko\u0142a zapewni zaj\u0119cia opieku\u0144czo-wychowawcze dla wszystkich uczni\u00f3w, kt\u00f3rzy przyjd\u0105 do szko\u0142y w dniach protestu nauczycieli.<br \/>\nO szczeg\u00f3\u0142ach dotycz\u0105cych organizacji pracy b\u0119dziemy Pa\u0144stwa informowa\u0107 poprzez stron\u0119 szko\u0142y oraz komunikator pocz\u0105wszy od dnia\u00a0<a href=\"http:\/\/08.kwietnia.%20\/\" target=\"_blank\">08.kwietnia.\u00a0<\/a><\/p>\n<p>p.o. Dyrektora Zespo\u0142u Szk\u00f3\u0142 w Karlinie<br \/>\nJustyna Syga<\/p>\n<p>Ze wzgl\u0119d\u00f3w bezpiecze\u0144stwa prosimy, aby upewni\u0107 si\u0119, gdzie Pa\u0144stwa dzieci b\u0119d\u0105 przebywa\u0107 podczas trwania akcji strajkowej.<\/p>\n","protected":false},"excerpt":{"rendered":"<p>Drodzy Rodzice i Uczniowie! Dyrektor Zespo\u0142u Szk\u00f3\u0142 w Karlinie informuje,\u017ce 8 kwietnia 2019 r. najprawdopodobniej rozpocznie si\u0119 w szkole akcja strajkowa, kt\u00f3ra mo\u017ce wp\u0142yn\u0105\u0107 na zmiany w planie lekcji.\u00a0Szko\u0142a zapewni zaj\u0119cia opieku\u0144czo-wychowawcze dla wszystkich uczni\u00f3w, kt\u00f3rzy przyjd\u0105 do szko\u0142y w dniach protestu nauczycieli. O szczeg\u00f3\u0142ach dotycz\u0105cych organizacji pracy b\u0119dziemy Pa\u0144stwa informowa\u0107 poprzez stron\u0119 szko\u0142y oraz &hellip; <\/p>\n<p><a class=\"more-link btn\" href=\"https:\/\/zskarlino.pl\/?p=10811\">Czytaj dalej<\/a><\/p>\n","protected":false},"author":3,"featured_media":0,"comment_status":"closed","ping_status":"closed","sticky":false,"template":"","format":"standard","meta":{"footnotes":""},"categories":[4,5,2],"tags":[],"class_list":["post-10811","post","type-post","status-publish","format-standard","hentry","category-dla-rodzicow","category-dla-uczniow","category-ogloszenia","item-wrap"],"_links":{"self":[{"href":"https:\/\/zskarlino.pl\/index.php?rest_route=\/wp\/v2\/posts\/10811","targetHints":{"allow":["GET"]}}],"collection":[{"href":"https:\/\/zskarlino.pl\/index.php?rest_route=\/wp\/v2\/posts"}],"about":[{"href":"https:\/\/zskarlino.pl\/index.php?rest_route=\/wp\/v2\/types\/post"}],"author":[{"embeddable":true,"href":"https:\/\/zskarlino.pl\/index.php?rest_route=\/wp\/v2\/users\/3"}],"replies":[{"embeddable":true,"href":"https:\/\/zskarlino.pl\/index.php?rest_route=%2Fwp%2Fv2%2Fcomments&post=10811"}],"version-history":[{"count":2,"href":"https:\/\/zskarlino.pl\/index.php?rest_route=\/wp\/v2\/posts\/10811\/revisions"}],"predecessor-version":[{"id":10814,"href":"https:\/\/zskarlino.pl\/index.php?rest_route=\/wp\/v2\/posts\/10811\/revisions\/10814"}],"wp:attachment":[{"href":"https:\/\/zskarlino.pl\/index.php?rest_route=%2Fwp%2Fv2%2Fmedia&parent=10811"}],"wp:term":[{"taxonomy":"category","embeddable":true,"href":"https:\/\/zskarlino.pl\/index.php?rest_route=%2Fwp%2Fv2%2Fcategories&post=10811"},{"taxonomy":"post_tag","embeddable":true,"href":"https:\/\/zskarlino.pl\/index.php?rest_route=%2Fwp%2Fv2%2Ftags&post=10811"}],"curies":[{"name":"wp","href":"https:\/\/api.w.org\/{rel}","templated":true}]}}