{"id":10807,"date":"2019-04-03T20:27:00","date_gmt":"2019-04-03T18:27:00","guid":{"rendered":"http:\/\/zskarlino.pl\/?p=10807"},"modified":"2019-04-03T20:27:00","modified_gmt":"2019-04-03T18:27:00","slug":"ptaki-ptaszki-i-ptaszeta-polne","status":"publish","type":"post","link":"https:\/\/zskarlino.pl\/?p=10807","title":{"rendered":"&#8222;Ptaki, ptaszki i ptasz\u0119ta polne&#8221;"},"content":{"rendered":"<div class=\"clearfix fbPhotoSnowliftAuthorInfo _xlu\">\u00a0<img loading=\"lazy\" decoding=\"async\" class=\"aligncenter size-full wp-image-10808\" src=\"http:\/\/zskarlino.pl\/wp-content\/uploads\/2019\/04\/Projekt-bez-tytu\u0142u.png\" alt=\"Projekt bez tytu\u0142u\" width=\"940\" height=\"788\" srcset=\"https:\/\/zskarlino.pl\/wp-content\/uploads\/2019\/04\/Projekt-bez-tytu\u0142u.png 940w, https:\/\/zskarlino.pl\/wp-content\/uploads\/2019\/04\/Projekt-bez-tytu\u0142u-300x251.png 300w\" sizes=\"auto, (max-width: 940px) 100vw, 940px\" \/><\/div>\n<div class=\"_xlr\"><span id=\"fbPhotoSnowliftContext\" class=\"fbPhotosPhotoContext\"><\/span><span id=\"fbPhotoSnowliftCaption\" class=\"fbPhotosPhotoCaption\" tabindex=\"0\" data-ft=\"{&quot;tn&quot;:&quot;K&quot;}\"><span class=\"hasCaption\">Wszystkich ch\u0119tnych zapraszamy do udzia\u0142u w szkolnych eliminacjach 51. Regionalnego Turnieju Recytatorskiego &#8222;Ptaki, ptaszki i ptasz\u0119ta polne&#8221;, kt\u00f3ry odb\u0119dzie si\u0119 17 kwietnia 2019 r. o godz. 10:00.<br \/>\nNa turniej nale\u017cy przygotowa\u0107 jeden utw\u00f3r &#8211; wiersz.<br \/>\nZapisy i wi\u0119cej informacji u pani Renaty Jagu\u015bcik-Rudnickiej<\/span><\/span><\/div>\n","protected":false},"excerpt":{"rendered":"<p>\u00a0 Wszystkich ch\u0119tnych zapraszamy do udzia\u0142u w szkolnych eliminacjach 51. Regionalnego Turnieju Recytatorskiego &#8222;Ptaki, ptaszki i ptasz\u0119ta polne&#8221;, kt\u00f3ry odb\u0119dzie si\u0119 17 kwietnia 2019 r. o godz. 10:00. Na turniej nale\u017cy przygotowa\u0107 jeden utw\u00f3r &#8211; wiersz. Zapisy i wi\u0119cej informacji u pani Renaty Jagu\u015bcik-Rudnickiej<\/p>\n","protected":false},"author":6,"featured_media":0,"comment_status":"closed","ping_status":"closed","sticky":false,"template":"","format":"standard","meta":{"footnotes":""},"categories":[3],"tags":[],"class_list":["post-10807","post","type-post","status-publish","format-standard","hentry","category-wydarzenia","item-wrap"],"_links":{"self":[{"href":"https:\/\/zskarlino.pl\/index.php?rest_route=\/wp\/v2\/posts\/10807","targetHints":{"allow":["GET"]}}],"collection":[{"href":"https:\/\/zskarlino.pl\/index.php?rest_route=\/wp\/v2\/posts"}],"about":[{"href":"https:\/\/zskarlino.pl\/index.php?rest_route=\/wp\/v2\/types\/post"}],"author":[{"embeddable":true,"href":"https:\/\/zskarlino.pl\/index.php?rest_route=\/wp\/v2\/users\/6"}],"replies":[{"embeddable":true,"href":"https:\/\/zskarlino.pl\/index.php?rest_route=%2Fwp%2Fv2%2Fcomments&post=10807"}],"version-history":[{"count":1,"href":"https:\/\/zskarlino.pl\/index.php?rest_route=\/wp\/v2\/posts\/10807\/revisions"}],"predecessor-version":[{"id":10809,"href":"https:\/\/zskarlino.pl\/index.php?rest_route=\/wp\/v2\/posts\/10807\/revisions\/10809"}],"wp:attachment":[{"href":"https:\/\/zskarlino.pl\/index.php?rest_route=%2Fwp%2Fv2%2Fmedia&parent=10807"}],"wp:term":[{"taxonomy":"category","embeddable":true,"href":"https:\/\/zskarlino.pl\/index.php?rest_route=%2Fwp%2Fv2%2Fcategories&post=10807"},{"taxonomy":"post_tag","embeddable":true,"href":"https:\/\/zskarlino.pl\/index.php?rest_route=%2Fwp%2Fv2%2Ftags&post=10807"}],"curies":[{"name":"wp","href":"https:\/\/api.w.org\/{rel}","templated":true}]}}