{"id":10789,"date":"2019-03-26T17:33:39","date_gmt":"2019-03-26T16:33:39","guid":{"rendered":"http:\/\/zskarlino.pl\/?p=10789"},"modified":"2019-03-31T17:33:50","modified_gmt":"2019-03-31T15:33:50","slug":"turniej-regionalny-igrzysk-mlodziezy-szkolnej-w-pilke-siatkowa-chlopcow","status":"publish","type":"post","link":"https:\/\/zskarlino.pl\/?p=10789","title":{"rendered":"Turniej regionalny Igrzysk M\u0142odzie\u017cy Szkolnej w pi\u0142k\u0119 siatkow\u0105 ch\u0142opc\u00f3w"},"content":{"rendered":"<div class='fotorama--wp' data-size='large'data-link='file'data-ids='10790,10791,10792,10793,10794,10795,10796'data-itemtag='dl'data-icontag='dt'data-captiontag='dd'data-columns='0'data-width='750'data-auto='false'data-max-width='100%'data-ratio='1.3321492007105'>\n\t\t<style type=\"text\/css\">\n\t\t\t#gallery-1 {\n\t\t\t\tmargin: auto;\n\t\t\t}\n\t\t\t#gallery-1 .gallery-item {\n\t\t\t\tfloat: left;\n\t\t\t\tmargin-top: 10px;\n\t\t\t\ttext-align: center;\n\t\t\t\twidth: 100%;\n\t\t\t}\n\t\t\t#gallery-1 img {\n\t\t\t\tborder: 2px solid #cfcfcf;\n\t\t\t}\n\t\t\t#gallery-1 .gallery-caption {\n\t\t\t\tmargin-left: 0;\n\t\t\t}\n\t\t\t\/* see gallery_shortcode() in wp-includes\/media.php *\/\n\t\t<\/style>\n\t\t<div id='gallery-1' class='gallery galleryid-10789 gallery-columns-0 gallery-size-thumbnail'><dl class='gallery-item'>\n\t\t\t<dt class='gallery-icon landscape'>\n\t\t\t\t<a href='https:\/\/zskarlino.pl\/wp-content\/uploads\/2019\/03\/54522552_2400765956600113_3932736553188589568_n.jpg' data-full='https:\/\/zskarlino.pl\/wp-content\/uploads\/2019\/03\/54522552_2400765956600113_3932736553188589568_n.jpg' rel=\"lightbox[10789]\"><img loading=\"lazy\" decoding=\"async\" width=\"150\" height=\"150\" src=\"https:\/\/zskarlino.pl\/wp-content\/uploads\/2019\/03\/54522552_2400765956600113_3932736553188589568_n-150x150.jpg\" class=\"attachment-thumbnail size-thumbnail\" alt=\"\" \/><\/a>\n\t\t\t<\/dt><\/dl><dl class='gallery-item'>\n\t\t\t<dt class='gallery-icon landscape'>\n\t\t\t\t<a href='https:\/\/zskarlino.pl\/wp-content\/uploads\/2019\/03\/54524801_2400765883266787_6222912741477187584_n.jpg' data-full='https:\/\/zskarlino.pl\/wp-content\/uploads\/2019\/03\/54524801_2400765883266787_6222912741477187584_n.jpg' rel=\"lightbox[10789]\"><img loading=\"lazy\" decoding=\"async\" width=\"150\" height=\"150\" src=\"https:\/\/zskarlino.pl\/wp-content\/uploads\/2019\/03\/54524801_2400765883266787_6222912741477187584_n-150x150.jpg\" class=\"attachment-thumbnail size-thumbnail\" alt=\"\" \/><\/a>\n\t\t\t<\/dt><\/dl><dl class='gallery-item'>\n\t\t\t<dt class='gallery-icon landscape'>\n\t\t\t\t<a href='https:\/\/zskarlino.pl\/wp-content\/uploads\/2019\/03\/54798362_2400766006600108_4310473317644500992_n.jpg' data-full='https:\/\/zskarlino.pl\/wp-content\/uploads\/2019\/03\/54798362_2400766006600108_4310473317644500992_n.jpg' rel=\"lightbox[10789]\"><img loading=\"lazy\" decoding=\"async\" width=\"150\" height=\"150\" src=\"https:\/\/zskarlino.pl\/wp-content\/uploads\/2019\/03\/54798362_2400766006600108_4310473317644500992_n-150x150.jpg\" class=\"attachment-thumbnail size-thumbnail\" alt=\"\" \/><\/a>\n\t\t\t<\/dt><\/dl><dl class='gallery-item'>\n\t\t\t<dt class='gallery-icon landscape'>\n\t\t\t\t<a href='https:\/\/zskarlino.pl\/wp-content\/uploads\/2019\/03\/55462873_2400766033266772_2412760842748559360_n.jpg' data-full='https:\/\/zskarlino.pl\/wp-content\/uploads\/2019\/03\/55462873_2400766033266772_2412760842748559360_n.jpg' rel=\"lightbox[10789]\"><img loading=\"lazy\" decoding=\"async\" width=\"150\" height=\"150\" src=\"https:\/\/zskarlino.pl\/wp-content\/uploads\/2019\/03\/55462873_2400766033266772_2412760842748559360_n-150x150.jpg\" class=\"attachment-thumbnail size-thumbnail\" alt=\"\" \/><\/a>\n\t\t\t<\/dt><\/dl><dl class='gallery-item'>\n\t\t\t<dt class='gallery-icon landscape'>\n\t\t\t\t<a href='https:\/\/zskarlino.pl\/wp-content\/uploads\/2019\/03\/55620983_2400765859933456_768689126101745664_n.jpg' data-full='https:\/\/zskarlino.pl\/wp-content\/uploads\/2019\/03\/55620983_2400765859933456_768689126101745664_n.jpg' rel=\"lightbox[10789]\"><img loading=\"lazy\" decoding=\"async\" width=\"150\" height=\"150\" src=\"https:\/\/zskarlino.pl\/wp-content\/uploads\/2019\/03\/55620983_2400765859933456_768689126101745664_n-150x150.jpg\" class=\"attachment-thumbnail size-thumbnail\" alt=\"\" \/><\/a>\n\t\t\t<\/dt><\/dl><dl class='gallery-item'>\n\t\t\t<dt class='gallery-icon landscape'>\n\t\t\t\t<a href='https:\/\/zskarlino.pl\/wp-content\/uploads\/2019\/03\/55829107_2400765896600119_9185932141215612928_n.jpg' data-full='https:\/\/zskarlino.pl\/wp-content\/uploads\/2019\/03\/55829107_2400765896600119_9185932141215612928_n.jpg' rel=\"lightbox[10789]\"><img loading=\"lazy\" decoding=\"async\" width=\"150\" height=\"150\" src=\"https:\/\/zskarlino.pl\/wp-content\/uploads\/2019\/03\/55829107_2400765896600119_9185932141215612928_n-150x150.jpg\" class=\"attachment-thumbnail size-thumbnail\" alt=\"\" \/><\/a>\n\t\t\t<\/dt><\/dl><dl class='gallery-item'>\n\t\t\t<dt class='gallery-icon landscape'>\n\t\t\t\t<a href='https:\/\/zskarlino.pl\/wp-content\/uploads\/2019\/03\/55931096_2400765939933448_4176847887109455872_n.jpg' data-full='https:\/\/zskarlino.pl\/wp-content\/uploads\/2019\/03\/55931096_2400765939933448_4176847887109455872_n.jpg' rel=\"lightbox[10789]\"><img loading=\"lazy\" decoding=\"async\" width=\"150\" height=\"150\" src=\"https:\/\/zskarlino.pl\/wp-content\/uploads\/2019\/03\/55931096_2400765939933448_4176847887109455872_n-150x150.jpg\" class=\"attachment-thumbnail size-thumbnail\" alt=\"\" \/><\/a>\n\t\t\t<\/dt><\/dl>\n\t\t<\/div>\n<\/div>\n<p>&nbsp;<\/p>\n<p>25 marca 2019 roku odby\u0142 si\u0119 turniej regionalny Igrzysk M\u0142odzie\u017cy Szkolnej w pi\u0142k\u0119 siatkow\u0105 ch\u0142opc\u00f3w.<\/p>\n<p>W turnieju bra\u0142o udzia\u0142 6 dru\u017cyn:<\/p>\n<ul>\n<li>Sportowa Szko\u0142a Podstawowa nr 1 Koszalin<\/li>\n<li>Szko\u0142a Podstawowa Bobolice<\/li>\n<li>Szko\u0142a Podstawowa Po\u0142czyn Zdr\u00f3j<\/li>\n<li>Gimnazjum Miejskie Dar\u0142owo<\/li>\n<li>Szko\u0142a Podstawowa nr 7 Szczecinek<\/li>\n<li>Zesp\u00f3\u0142 Szk\u00f3\u0142 w Karlinie<\/li>\n<\/ul>\n<p>Wyniki ko\u0144cowe:<\/p>\n<ul>\n<li>l miejsce Sportowa Szko\u0142a Podstawowa nr 1 Koszalin<\/li>\n<li>II miejsce Gimnazjum Miejskie Dar\u0142owo<\/li>\n<li>III miejsce Szko\u0142a Podstawowa nr 7 Szczecinek<\/li>\n<\/ul>\n<p>Pierwsze dwie dru\u017cyny b\u0119d\u0105 reprezentowa\u0107 nasz region w finale Wojew\u00f3dztwa Zachodniopomorskiego.<\/p>\n<p>Zawodom towarzyszy\u0142a fantastyczna atmosfera! Gratulujemy sukcesu i \u017cyczymy powodzenia na kolejnym etapie rozgrywek!<\/p>\n<p style=\"text-align: right;\"><em>Miros\u0142aw Spolski<br \/>\n<\/em><\/p>\n","protected":false},"excerpt":{"rendered":"<p>&nbsp; 25 marca 2019 roku odby\u0142 si\u0119 turniej regionalny Igrzysk M\u0142odzie\u017cy Szkolnej w pi\u0142k\u0119 siatkow\u0105 ch\u0142opc\u00f3w. W turnieju bra\u0142o udzia\u0142 6 dru\u017cyn: Sportowa Szko\u0142a Podstawowa nr 1 Koszalin Szko\u0142a Podstawowa Bobolice Szko\u0142a Podstawowa Po\u0142czyn Zdr\u00f3j Gimnazjum Miejskie Dar\u0142owo Szko\u0142a Podstawowa nr 7 Szczecinek Zesp\u00f3\u0142 Szk\u00f3\u0142 w Karlinie Wyniki ko\u0144cowe: l miejsce Sportowa Szko\u0142a Podstawowa nr &hellip; <\/p>\n<p><a class=\"more-link btn\" href=\"https:\/\/zskarlino.pl\/?p=10789\">Czytaj dalej<\/a><\/p>\n","protected":false},"author":6,"featured_media":0,"comment_status":"closed","ping_status":"closed","sticky":false,"template":"","format":"standard","meta":{"footnotes":""},"categories":[3],"tags":[],"class_list":["post-10789","post","type-post","status-publish","format-standard","hentry","category-wydarzenia","item-wrap"],"_links":{"self":[{"href":"https:\/\/zskarlino.pl\/index.php?rest_route=\/wp\/v2\/posts\/10789","targetHints":{"allow":["GET"]}}],"collection":[{"href":"https:\/\/zskarlino.pl\/index.php?rest_route=\/wp\/v2\/posts"}],"about":[{"href":"https:\/\/zskarlino.pl\/index.php?rest_route=\/wp\/v2\/types\/post"}],"author":[{"embeddable":true,"href":"https:\/\/zskarlino.pl\/index.php?rest_route=\/wp\/v2\/users\/6"}],"replies":[{"embeddable":true,"href":"https:\/\/zskarlino.pl\/index.php?rest_route=%2Fwp%2Fv2%2Fcomments&post=10789"}],"version-history":[{"count":1,"href":"https:\/\/zskarlino.pl\/index.php?rest_route=\/wp\/v2\/posts\/10789\/revisions"}],"predecessor-version":[{"id":10797,"href":"https:\/\/zskarlino.pl\/index.php?rest_route=\/wp\/v2\/posts\/10789\/revisions\/10797"}],"wp:attachment":[{"href":"https:\/\/zskarlino.pl\/index.php?rest_route=%2Fwp%2Fv2%2Fmedia&parent=10789"}],"wp:term":[{"taxonomy":"category","embeddable":true,"href":"https:\/\/zskarlino.pl\/index.php?rest_route=%2Fwp%2Fv2%2Fcategories&post=10789"},{"taxonomy":"post_tag","embeddable":true,"href":"https:\/\/zskarlino.pl\/index.php?rest_route=%2Fwp%2Fv2%2Ftags&post=10789"}],"curies":[{"name":"wp","href":"https:\/\/api.w.org\/{rel}","templated":true}]}}