{"id":10759,"date":"2019-03-24T21:41:15","date_gmt":"2019-03-24T20:41:15","guid":{"rendered":"http:\/\/zskarlino.pl\/?p=10759"},"modified":"2019-03-24T21:41:15","modified_gmt":"2019-03-24T20:41:15","slug":"niezwykla-lekcja-historii","status":"publish","type":"post","link":"https:\/\/zskarlino.pl\/?p=10759","title":{"rendered":"Niezwyk\u0142a Lekcja Historii"},"content":{"rendered":"<p style=\"text-align: justify;\">Kiedy pod koniec lutego 2019r. Kapitu\u0142a Nagrody im. kpr W\u0142adys\u0142awa Poddubnego &#8222;Soko\u0142a&#8221; (1924-1978) zwr\u00f3ci\u0142a si\u0119 do Dyrektora Zespo\u0142u Szk\u00f3\u0142 w Karlinie z propozycj\u0105 wskazania m\u0142odej osoby z grona uczni\u00f3w lub absolwent\u00f3w, kt\u00f3ra ze wzgl\u0119du na swoj\u0105 spo\u0142eczn\u0105 dzia\u0142alno\u015b\u0107 i patriotyczn\u0105 postaw\u0119 mog\u0142aby sta\u0107 si\u0119 Laureatem 2019, nie mieli\u015bmy w\u0105tpliwo\u015bci kogo wskaza\u0107.<\/p>\n<p style=\"text-align: justify;\">Naszym kandydatem do III edycji ww. nagrody by\u0142 Jakub Pop\u0142awski, ubieg\u0142oroczny absolwent naszego Liceum Og\u00f3lnokszta\u0142c\u0105cego, a tak\u017ce powszechnie znany spo\u0142ecznik, pomys\u0142odawca i wsp\u00f3\u0142organizator wielu inicjatyw patriotycznych. Jako dru\u017cynowy 1 Karli\u0144skiej Dru\u017cyny Harcerzy WYKL\u0118CI im. Zdzis\u0142awa Badochy ps. \u017belazny w\u0142\u0105cza si\u0119 aktywnie w popularyzowanie wiedzy historycznej i wychowanie patriotyczne nast\u0119pnych pokole\u0144 poprzez m.in. organizowanie biwak\u00f3w fabularnych, zbi\u00f3rki \u017cywno\u015bci dla potrzebuj\u0105cych, czy chocia\u017cby opiek\u0119 nad zapomnianymi grobami \u017co\u0142nierzy. Od kilku lat jest czynnym wsp\u00f3\u0142organizatorem\u00a0,,Namiot\u00f3w Wykl\u0119tych&#8221; w Karlinie. Jakub jest pi\u0119knym przyk\u0142adem i nadziej\u0105, \u017ce mimo niezwykle skomercjalizowanych czas\u00f3w, s\u0105 jednostki, kt\u00f3re potrafi\u0105 robi\u0107 wiele rzeczy bezinteresownie, z czystej potrzeby dzielenia si\u0119 dobrem.<\/p>\n<p style=\"text-align: justify;\">\u00a0\u00a0Uroczysto\u015b\u0107 wr\u0119czenie nagrody przez przedstawicieli Kapitu\u0142y sta\u0142a si\u0119 okazj\u0105 do uczestniczenia w nietypowej lekcji historii.<\/p>\n<p style=\"text-align: justify;\">Pu\u0142kownik ZPRP, Pan Tomasz Kocent,\u00a0Prezes Okr\u0119gu Kaszubsko-Pomorskiego Zwi\u0105zku Pi\u0142sudczyk\u00f3w RP, przybli\u017cy\u0142 zebranej w auli Karli\u0144skiego O\u015brodka Kultury m\u0142odzie\u017cy osob\u0119 Marsza\u0142ka J\u00f3zefa Pi\u0142sudskiego oraz Zwi\u0105zek Pi\u0142sudczyk\u00f3w RP. Nast\u0119pnie mieli\u015bmy przyjemno\u015b\u0107 obejrze\u0107 fabularyzowany dokument o chor. Antoni Do\u0142\u0119dze &#8222;Zniczu&#8221; ostatnim \u017bo\u0142nierzu Wykl\u0119tym i Komendancie WiN, kt\u00f3rego stryjeczny wnuk bohatera, Pan Ronald Werelich przybli\u017cy\u0142 nam histori\u0119 podziemia antykomunistycznego w czasach, w kt\u00f3rych dzia\u0142a\u0142 A. Do\u0142\u0119ga.<\/p>\n<p style=\"text-align: justify;\">Cieszymy si\u0119, \u017ce mogli\u015bmy uczestniczy\u0107 w tak donios\u0142ej i wa\u017cnej dla spo\u0142eczno\u015bci szkolnej uroczysto\u015bci i liczymy, \u017ce tak pi\u0119kne postawy, jak\u0105 prezentuje Jakub, znajd\u0105 swoich na\u015bladowc\u00f3w w\u015br\u00f3d uczni\u00f3w naszego Zespo\u0142u Szk\u00f3\u0142.<\/p>\n<p style=\"text-align: right;\"><em>J. Syga<\/em><\/p>\n<p><a href=\"http:\/\/zskarlino.pl\/wp-content\/uploads\/2019\/03\/1a.jpg\" rel=\"lightbox[10759]\"><img loading=\"lazy\" decoding=\"async\" class=\"alignnone size-medium wp-image-10770\" src=\"http:\/\/zskarlino.pl\/wp-content\/uploads\/2019\/03\/1a-300x273.jpg\" alt=\"1a\" width=\"300\" height=\"273\" srcset=\"https:\/\/zskarlino.pl\/wp-content\/uploads\/2019\/03\/1a-300x273.jpg 300w, https:\/\/zskarlino.pl\/wp-content\/uploads\/2019\/03\/1a-1024x933.jpg 1024w\" sizes=\"auto, (max-width: 300px) 100vw, 300px\" \/><\/a> <a href=\"http:\/\/zskarlino.pl\/wp-content\/uploads\/2019\/03\/2a.jpg\" rel=\"lightbox[10759]\"><img loading=\"lazy\" decoding=\"async\" class=\"alignnone size-medium wp-image-10771\" src=\"http:\/\/zskarlino.pl\/wp-content\/uploads\/2019\/03\/2a-300x279.jpg\" alt=\"2a\" width=\"300\" height=\"279\" srcset=\"https:\/\/zskarlino.pl\/wp-content\/uploads\/2019\/03\/2a-300x279.jpg 300w, https:\/\/zskarlino.pl\/wp-content\/uploads\/2019\/03\/2a-1024x952.jpg 1024w\" sizes=\"auto, (max-width: 300px) 100vw, 300px\" \/><\/a> <a href=\"http:\/\/zskarlino.pl\/wp-content\/uploads\/2019\/03\/3.jpg\" rel=\"lightbox[10759]\"><img loading=\"lazy\" decoding=\"async\" class=\"alignnone size-medium wp-image-10772\" src=\"http:\/\/zskarlino.pl\/wp-content\/uploads\/2019\/03\/3-300x225.jpg\" alt=\"3\" width=\"300\" height=\"225\" srcset=\"https:\/\/zskarlino.pl\/wp-content\/uploads\/2019\/03\/3-300x225.jpg 300w, https:\/\/zskarlino.pl\/wp-content\/uploads\/2019\/03\/3-1024x768.jpg 1024w\" sizes=\"auto, (max-width: 300px) 100vw, 300px\" \/><\/a> <a href=\"http:\/\/zskarlino.pl\/wp-content\/uploads\/2019\/03\/4.jpg\" rel=\"lightbox[10759]\"><img loading=\"lazy\" decoding=\"async\" class=\"alignnone size-medium wp-image-10773\" src=\"http:\/\/zskarlino.pl\/wp-content\/uploads\/2019\/03\/4-300x225.jpg\" alt=\"4\" width=\"300\" height=\"225\" srcset=\"https:\/\/zskarlino.pl\/wp-content\/uploads\/2019\/03\/4-300x225.jpg 300w, https:\/\/zskarlino.pl\/wp-content\/uploads\/2019\/03\/4-1024x768.jpg 1024w\" sizes=\"auto, (max-width: 300px) 100vw, 300px\" \/><\/a> <a href=\"http:\/\/zskarlino.pl\/wp-content\/uploads\/2019\/03\/5.jpg\" rel=\"lightbox[10759]\"><img loading=\"lazy\" decoding=\"async\" class=\"alignnone size-medium wp-image-10774\" src=\"http:\/\/zskarlino.pl\/wp-content\/uploads\/2019\/03\/5-300x225.jpg\" alt=\"5\" width=\"300\" height=\"225\" srcset=\"https:\/\/zskarlino.pl\/wp-content\/uploads\/2019\/03\/5-300x225.jpg 300w, https:\/\/zskarlino.pl\/wp-content\/uploads\/2019\/03\/5-1024x768.jpg 1024w\" sizes=\"auto, (max-width: 300px) 100vw, 300px\" \/><\/a> <a href=\"http:\/\/zskarlino.pl\/wp-content\/uploads\/2019\/03\/6.jpg\" rel=\"lightbox[10759]\"><img loading=\"lazy\" decoding=\"async\" class=\"alignnone size-medium wp-image-10775\" src=\"http:\/\/zskarlino.pl\/wp-content\/uploads\/2019\/03\/6-300x225.jpg\" alt=\"6\" width=\"300\" height=\"225\" srcset=\"https:\/\/zskarlino.pl\/wp-content\/uploads\/2019\/03\/6-300x225.jpg 300w, https:\/\/zskarlino.pl\/wp-content\/uploads\/2019\/03\/6-1024x768.jpg 1024w\" sizes=\"auto, (max-width: 300px) 100vw, 300px\" \/><\/a> <a href=\"http:\/\/zskarlino.pl\/wp-content\/uploads\/2019\/03\/7.jpg\" rel=\"lightbox[10759]\"><img loading=\"lazy\" decoding=\"async\" class=\"alignnone size-medium wp-image-10776\" src=\"http:\/\/zskarlino.pl\/wp-content\/uploads\/2019\/03\/7-300x225.jpg\" alt=\"7\" width=\"300\" height=\"225\" srcset=\"https:\/\/zskarlino.pl\/wp-content\/uploads\/2019\/03\/7-300x225.jpg 300w, https:\/\/zskarlino.pl\/wp-content\/uploads\/2019\/03\/7-1024x768.jpg 1024w\" sizes=\"auto, (max-width: 300px) 100vw, 300px\" \/><\/a> <a href=\"http:\/\/zskarlino.pl\/wp-content\/uploads\/2019\/03\/8.jpg\" rel=\"lightbox[10759]\"><img loading=\"lazy\" decoding=\"async\" class=\"alignnone size-medium wp-image-10777\" src=\"http:\/\/zskarlino.pl\/wp-content\/uploads\/2019\/03\/8-300x225.jpg\" alt=\"8\" width=\"300\" height=\"225\" srcset=\"https:\/\/zskarlino.pl\/wp-content\/uploads\/2019\/03\/8-300x225.jpg 300w, https:\/\/zskarlino.pl\/wp-content\/uploads\/2019\/03\/8-1024x768.jpg 1024w\" sizes=\"auto, (max-width: 300px) 100vw, 300px\" \/><\/a> <a href=\"http:\/\/zskarlino.pl\/wp-content\/uploads\/2019\/03\/9.jpg\" rel=\"lightbox[10759]\"><img loading=\"lazy\" decoding=\"async\" class=\"alignnone size-medium wp-image-10778\" src=\"http:\/\/zskarlino.pl\/wp-content\/uploads\/2019\/03\/9-300x225.jpg\" alt=\"9\" width=\"300\" height=\"225\" srcset=\"https:\/\/zskarlino.pl\/wp-content\/uploads\/2019\/03\/9-300x225.jpg 300w, https:\/\/zskarlino.pl\/wp-content\/uploads\/2019\/03\/9-1024x768.jpg 1024w\" sizes=\"auto, (max-width: 300px) 100vw, 300px\" \/><\/a><\/p>\n<p style=\"text-align: justify;\">\n","protected":false},"excerpt":{"rendered":"<p>Kiedy pod koniec lutego 2019r. Kapitu\u0142a Nagrody im. kpr W\u0142adys\u0142awa Poddubnego &#8222;Soko\u0142a&#8221; (1924-1978) zwr\u00f3ci\u0142a si\u0119 do Dyrektora Zespo\u0142u Szk\u00f3\u0142 w Karlinie z propozycj\u0105 wskazania m\u0142odej osoby z grona uczni\u00f3w lub absolwent\u00f3w, kt\u00f3ra ze wzgl\u0119du na swoj\u0105 spo\u0142eczn\u0105 dzia\u0142alno\u015b\u0107 i patriotyczn\u0105 postaw\u0119 mog\u0142aby sta\u0107 si\u0119 Laureatem 2019, nie mieli\u015bmy w\u0105tpliwo\u015bci kogo wskaza\u0107. Naszym kandydatem do III &hellip; <\/p>\n<p><a class=\"more-link btn\" href=\"https:\/\/zskarlino.pl\/?p=10759\">Czytaj dalej<\/a><\/p>\n","protected":false},"author":8,"featured_media":0,"comment_status":"closed","ping_status":"closed","sticky":false,"template":"","format":"standard","meta":{"footnotes":""},"categories":[3],"tags":[],"class_list":["post-10759","post","type-post","status-publish","format-standard","hentry","category-wydarzenia","item-wrap"],"_links":{"self":[{"href":"https:\/\/zskarlino.pl\/index.php?rest_route=\/wp\/v2\/posts\/10759","targetHints":{"allow":["GET"]}}],"collection":[{"href":"https:\/\/zskarlino.pl\/index.php?rest_route=\/wp\/v2\/posts"}],"about":[{"href":"https:\/\/zskarlino.pl\/index.php?rest_route=\/wp\/v2\/types\/post"}],"author":[{"embeddable":true,"href":"https:\/\/zskarlino.pl\/index.php?rest_route=\/wp\/v2\/users\/8"}],"replies":[{"embeddable":true,"href":"https:\/\/zskarlino.pl\/index.php?rest_route=%2Fwp%2Fv2%2Fcomments&post=10759"}],"version-history":[{"count":2,"href":"https:\/\/zskarlino.pl\/index.php?rest_route=\/wp\/v2\/posts\/10759\/revisions"}],"predecessor-version":[{"id":10780,"href":"https:\/\/zskarlino.pl\/index.php?rest_route=\/wp\/v2\/posts\/10759\/revisions\/10780"}],"wp:attachment":[{"href":"https:\/\/zskarlino.pl\/index.php?rest_route=%2Fwp%2Fv2%2Fmedia&parent=10759"}],"wp:term":[{"taxonomy":"category","embeddable":true,"href":"https:\/\/zskarlino.pl\/index.php?rest_route=%2Fwp%2Fv2%2Fcategories&post=10759"},{"taxonomy":"post_tag","embeddable":true,"href":"https:\/\/zskarlino.pl\/index.php?rest_route=%2Fwp%2Fv2%2Ftags&post=10759"}],"curies":[{"name":"wp","href":"https:\/\/api.w.org\/{rel}","templated":true}]}}