{"id":10745,"date":"2019-03-21T18:32:05","date_gmt":"2019-03-21T17:32:05","guid":{"rendered":"http:\/\/zskarlino.pl\/?p=10745"},"modified":"2019-03-21T18:32:05","modified_gmt":"2019-03-21T17:32:05","slug":"zdrowy-pierwszy-dzien-wiosny-w-zs","status":"publish","type":"post","link":"https:\/\/zskarlino.pl\/?p=10745","title":{"rendered":"Zdrowy Pierwszy Dzie\u0144 Wiosny w ZS!"},"content":{"rendered":"<p style=\"text-align: justify;\">W tym roku przywitali\u015bmy Wiosn\u0119 zdrowo! Na dzie\u0144 dobry wiosennego poranka odby\u0142o si\u0119 spotkanie z pani\u0105 dietetyk, kt\u00f3ra swoj\u0105 prelekcj\u0105 ciekawie przedstawi\u0142a nam zasady zdrowego \u017cywienia i zach\u0119ca\u0142a do przestrzegania ich w codziennym \u017cyciu \u2013 korzy\u015bci dla naszego organizmu s\u0105 bezcenne! Druga i trzecia lekcja nale\u017ca\u0142y do uczni\u00f3w. W grupach, oczywi\u015bcie pod opiek\u0105 zdrowo nastawionych do nas nauczycieli, tworzyli\u015bmy plakaty odzwierciedlaj\u0105ce nasze rozumienie zdrowego stylu \u017cycia. Rozwi\u0105zywali\u015bmy krzy\u017c\u00f3wk\u0119, tworzyli\u015bmy wiersze, piosenki i scenki \u2013 wszystko o tematyce prozdrowotnej. Potem, pod czujnym okiem komisji &#8211; naszych koleg\u00f3w z III LO \u2013 prezentowali\u015bmy swoje prace! Zadania wykonali\u015bmy! By\u0142o interesuj\u0105co i zabawnie, czyli zdrowo! Zwyci\u0119zcami zosta\u0142a klasa III C gimnazjum, kt\u00f3ra za najciekawsz\u0105 prezentacj\u0119, wygra\u0142a wyj\u015bcie na kr\u0119gle. Nieco zm\u0119czeni umys\u0142owo wr\u00f3cili\u015bmy do sal, aby przygotowa\u0107 sobie wiosenne \u015bniadanie. Posileni, weseli i pe\u0142ni po\u017cytecznej wiedzy \u015bwi\u0119towanie Zdrowego Pierwszego dnia Wiosny w naszej Szkole zako\u0144czyli\u015bmy seansem filmowym. Relaks si\u0119 nale\u017ca\u0142 \u2013 zgodnie ze zdrowym stylem \u017cycia.<\/p>\n<p style=\"text-align: right;\"><em>Adriana Kaszuba<\/em><\/p>\n<p>&nbsp;<\/p>\n<p>&nbsp;<\/p>\n<p>&nbsp;<\/p>\n","protected":false},"excerpt":{"rendered":"<p>W tym roku przywitali\u015bmy Wiosn\u0119 zdrowo! Na dzie\u0144 dobry wiosennego poranka odby\u0142o si\u0119 spotkanie z pani\u0105 dietetyk, kt\u00f3ra swoj\u0105 prelekcj\u0105 ciekawie przedstawi\u0142a nam zasady zdrowego \u017cywienia i zach\u0119ca\u0142a do przestrzegania ich w codziennym \u017cyciu \u2013 korzy\u015bci dla naszego organizmu s\u0105 bezcenne! Druga i trzecia lekcja nale\u017ca\u0142y do uczni\u00f3w. W grupach, oczywi\u015bcie pod opiek\u0105 zdrowo nastawionych &hellip; <\/p>\n<p><a class=\"more-link btn\" href=\"https:\/\/zskarlino.pl\/?p=10745\">Czytaj dalej<\/a><\/p>\n","protected":false},"author":6,"featured_media":0,"comment_status":"closed","ping_status":"closed","sticky":false,"template":"","format":"standard","meta":{"footnotes":""},"categories":[3],"tags":[],"class_list":["post-10745","post","type-post","status-publish","format-standard","hentry","category-wydarzenia","item-wrap"],"_links":{"self":[{"href":"https:\/\/zskarlino.pl\/index.php?rest_route=\/wp\/v2\/posts\/10745","targetHints":{"allow":["GET"]}}],"collection":[{"href":"https:\/\/zskarlino.pl\/index.php?rest_route=\/wp\/v2\/posts"}],"about":[{"href":"https:\/\/zskarlino.pl\/index.php?rest_route=\/wp\/v2\/types\/post"}],"author":[{"embeddable":true,"href":"https:\/\/zskarlino.pl\/index.php?rest_route=\/wp\/v2\/users\/6"}],"replies":[{"embeddable":true,"href":"https:\/\/zskarlino.pl\/index.php?rest_route=%2Fwp%2Fv2%2Fcomments&post=10745"}],"version-history":[{"count":1,"href":"https:\/\/zskarlino.pl\/index.php?rest_route=\/wp\/v2\/posts\/10745\/revisions"}],"predecessor-version":[{"id":10746,"href":"https:\/\/zskarlino.pl\/index.php?rest_route=\/wp\/v2\/posts\/10745\/revisions\/10746"}],"wp:attachment":[{"href":"https:\/\/zskarlino.pl\/index.php?rest_route=%2Fwp%2Fv2%2Fmedia&parent=10745"}],"wp:term":[{"taxonomy":"category","embeddable":true,"href":"https:\/\/zskarlino.pl\/index.php?rest_route=%2Fwp%2Fv2%2Fcategories&post=10745"},{"taxonomy":"post_tag","embeddable":true,"href":"https:\/\/zskarlino.pl\/index.php?rest_route=%2Fwp%2Fv2%2Ftags&post=10745"}],"curies":[{"name":"wp","href":"https:\/\/api.w.org\/{rel}","templated":true}]}}