{"id":10743,"date":"2019-03-20T18:34:16","date_gmt":"2019-03-20T17:34:16","guid":{"rendered":"http:\/\/zskarlino.pl\/?p=10743"},"modified":"2019-03-21T18:36:02","modified_gmt":"2019-03-21T17:36:02","slug":"spotkanie-z-funkcjonariuszem-strazy-granicznej","status":"publish","type":"post","link":"https:\/\/zskarlino.pl\/?p=10743","title":{"rendered":"Spotkanie z funkcjonariuszem stra\u017cy granicznej"},"content":{"rendered":"<div class='fotorama--wp' data-size='large'data-link='file'data-ids='10747,10748'data-itemtag='dl'data-icontag='dt'data-captiontag='dd'data-columns='0'data-width='750'data-auto='false'data-max-width='100%'data-ratio='1.3321492007105'>\n\t\t<style type=\"text\/css\">\n\t\t\t#gallery-1 {\n\t\t\t\tmargin: auto;\n\t\t\t}\n\t\t\t#gallery-1 .gallery-item {\n\t\t\t\tfloat: left;\n\t\t\t\tmargin-top: 10px;\n\t\t\t\ttext-align: center;\n\t\t\t\twidth: 100%;\n\t\t\t}\n\t\t\t#gallery-1 img {\n\t\t\t\tborder: 2px solid #cfcfcf;\n\t\t\t}\n\t\t\t#gallery-1 .gallery-caption {\n\t\t\t\tmargin-left: 0;\n\t\t\t}\n\t\t\t\/* see gallery_shortcode() in wp-includes\/media.php *\/\n\t\t<\/style>\n\t\t<div id='gallery-1' class='gallery galleryid-10743 gallery-columns-0 gallery-size-thumbnail'><dl class='gallery-item'>\n\t\t\t<dt class='gallery-icon landscape'>\n\t\t\t\t<a href='https:\/\/zskarlino.pl\/wp-content\/uploads\/2019\/03\/IMG_7244-1024x768.jpg' data-full='https:\/\/zskarlino.pl\/wp-content\/uploads\/2019\/03\/IMG_7244.jpg' rel=\"lightbox[10743]\"><img loading=\"lazy\" decoding=\"async\" width=\"150\" height=\"150\" src=\"https:\/\/zskarlino.pl\/wp-content\/uploads\/2019\/03\/IMG_7244-150x150.jpg\" class=\"attachment-thumbnail size-thumbnail\" alt=\"\" \/><\/a>\n\t\t\t<\/dt><\/dl><dl class='gallery-item'>\n\t\t\t<dt class='gallery-icon landscape'>\n\t\t\t\t<a href='https:\/\/zskarlino.pl\/wp-content\/uploads\/2019\/03\/IMG_7245-1024x768.jpg' data-full='https:\/\/zskarlino.pl\/wp-content\/uploads\/2019\/03\/IMG_7245.jpg' rel=\"lightbox[10743]\"><img loading=\"lazy\" decoding=\"async\" width=\"150\" height=\"150\" src=\"https:\/\/zskarlino.pl\/wp-content\/uploads\/2019\/03\/IMG_7245-150x150.jpg\" class=\"attachment-thumbnail size-thumbnail\" alt=\"\" \/><\/a>\n\t\t\t<\/dt><\/dl>\n\t\t<\/div>\n<\/div>\n<p style=\"text-align: justify;\">19 marca 2019 roku odby\u0142o si\u0119 spotkanie profilaktyczne z funkcjonariuszem stra\u017cy granicznej p. Jackiem Miko\u0142ajunem na temat zagro\u017ce\u0144 wsp\u00f3\u0142czesnego \u015bwiata, m.in. niebezpiecze\u0144stwa podejmowania niepewnej pracy sezonowej, zagro\u017ce\u0144 zwi\u0105zanych ze znajomo\u015bciami internetowymi, stosowania i przechowywania dopalaczy i narkotyk\u00f3w. Funkcjonariusz informowa\u0142 o konsekwencjach zwi\u0105zanych z \u0142amaniem prawa oraz o tym, \u017ce wpis w rejestr skazanych utrzymuje si\u0119 w nim przez 5 lat od zako\u0144czenia wyroku. Wyklucza to absolutnie mo\u017cliwo\u015b\u0107 wykonywania niekt\u00f3rych atrakcyjnych zawod\u00f3w do ko\u0144ca \u017cycia oraz utrudnia znalezienie uczciwej pracy, gdy\u017c taka osoba nie jest po\u017c\u0105danym pracownikiem zatrudnianym przez firmy. Pan Miko\u0142ajun szczeg\u00f3lnie przestrzega\u0142 przed bardzo atrakcyjnymi ofertami pracy za granic\u0105, rozmowami kwalifikacyjnymi, na kt\u00f3rych nast\u0119puje wst\u0119pna selekcja os\u00f3b do porwania i handlu, dotycz\u0105ca zar\u00f3wno dziewcz\u0105t jak i ch\u0142opc\u00f3w. W swoich wypowiedziach przytacza\u0142 przyk\u0142ady sytuacji, kt\u00f3re mia\u0142y miejsce w ostatnich latach w Polsce.<\/p>\n<p style=\"text-align: right;\"><em>Emilia Marunowska<\/em><\/p>\n","protected":false},"excerpt":{"rendered":"<p>19 marca 2019 roku odby\u0142o si\u0119 spotkanie profilaktyczne z funkcjonariuszem stra\u017cy granicznej p. Jackiem Miko\u0142ajunem na temat zagro\u017ce\u0144 wsp\u00f3\u0142czesnego \u015bwiata, m.in. niebezpiecze\u0144stwa podejmowania niepewnej pracy sezonowej, zagro\u017ce\u0144 zwi\u0105zanych ze znajomo\u015bciami internetowymi, stosowania i przechowywania dopalaczy i narkotyk\u00f3w. Funkcjonariusz informowa\u0142 o konsekwencjach zwi\u0105zanych z \u0142amaniem prawa oraz o tym, \u017ce wpis w rejestr skazanych utrzymuje si\u0119 &hellip; <\/p>\n<p><a class=\"more-link btn\" href=\"https:\/\/zskarlino.pl\/?p=10743\">Czytaj dalej<\/a><\/p>\n","protected":false},"author":6,"featured_media":0,"comment_status":"closed","ping_status":"closed","sticky":false,"template":"","format":"standard","meta":{"footnotes":""},"categories":[3],"tags":[],"class_list":["post-10743","post","type-post","status-publish","format-standard","hentry","category-wydarzenia","item-wrap"],"_links":{"self":[{"href":"https:\/\/zskarlino.pl\/index.php?rest_route=\/wp\/v2\/posts\/10743","targetHints":{"allow":["GET"]}}],"collection":[{"href":"https:\/\/zskarlino.pl\/index.php?rest_route=\/wp\/v2\/posts"}],"about":[{"href":"https:\/\/zskarlino.pl\/index.php?rest_route=\/wp\/v2\/types\/post"}],"author":[{"embeddable":true,"href":"https:\/\/zskarlino.pl\/index.php?rest_route=\/wp\/v2\/users\/6"}],"replies":[{"embeddable":true,"href":"https:\/\/zskarlino.pl\/index.php?rest_route=%2Fwp%2Fv2%2Fcomments&post=10743"}],"version-history":[{"count":2,"href":"https:\/\/zskarlino.pl\/index.php?rest_route=\/wp\/v2\/posts\/10743\/revisions"}],"predecessor-version":[{"id":10749,"href":"https:\/\/zskarlino.pl\/index.php?rest_route=\/wp\/v2\/posts\/10743\/revisions\/10749"}],"wp:attachment":[{"href":"https:\/\/zskarlino.pl\/index.php?rest_route=%2Fwp%2Fv2%2Fmedia&parent=10743"}],"wp:term":[{"taxonomy":"category","embeddable":true,"href":"https:\/\/zskarlino.pl\/index.php?rest_route=%2Fwp%2Fv2%2Fcategories&post=10743"},{"taxonomy":"post_tag","embeddable":true,"href":"https:\/\/zskarlino.pl\/index.php?rest_route=%2Fwp%2Fv2%2Ftags&post=10743"}],"curies":[{"name":"wp","href":"https:\/\/api.w.org\/{rel}","templated":true}]}}