{"id":10691,"date":"2019-03-01T22:58:30","date_gmt":"2019-03-01T21:58:30","guid":{"rendered":"http:\/\/zskarlino.pl\/?p=10691"},"modified":"2019-06-13T09:09:02","modified_gmt":"2019-06-13T07:09:02","slug":"namioty-wykletych-2018","status":"publish","type":"post","link":"https:\/\/zskarlino.pl\/?p=10691","title":{"rendered":"&#8222;Namioty Wykl\u0119tych&#8221; 2019"},"content":{"rendered":"<p>Ju\u017c kolejny raz nasza szko\u0142a w\u0142\u0105czy\u0142a si\u0119 w inicjatyw\u0119 Student\u00f3w dla Rzeczypospolitej: &#8222;Namioty Wykl\u0119tych&#8221;, kt\u00f3re sta\u0142a si\u0119 szkolnymi obchodami \u015awi\u0119ta \u017bo\u0142nierzy Wykl\u0119tych i okazj\u0105 do zintegrowania spo\u0142eczno\u015bci szkolnej i lokalnej.<\/p>\n<p>Ju\u017c od wczesnych godzin porannych w holu Zespo\u0142u Szk\u00f3\u0142 w Karlinie przygotowana by\u0142a wystawa po\u015bwi\u0119cona wybranym \u017bo\u0142nierzom Wykl\u0119tym w aran\u017cacji nawi\u0105zuj\u0105cej do tematu przewodniego. M\u0142odzie\u017c z naszego Zespo\u0142u Szk\u00f3\u0142 oraz Szko\u0142y Podstawowej w Karlinie pod opiek\u0105 Pani Iwony Walasek\u00a0przez ca\u0142y dzie\u0144 mogli zapozna\u0107 si\u0119\u00a0 z przedstawionymi tam postaciami.<\/p>\n<p>W godzinach przedpo\u0142udniowych m\u0142odzie\u017c wzi\u0119\u0142a udzia\u0142 w grze terenowej przygotowanej przez harcerzy z 1 Karli\u0144skiej Dru\u017cyny Harcerskiej \u201eWykl\u0119ci\u201d. Przez blisko 1,5 godziny m\u0142odzie\u017c wraz z nauczycielami pod\u0105\u017cali wyznaczonym przez organizator\u00f3w szklakiem utrwalaj\u0105c wiedz\u0119 na temat \u015bwi\u0119ta w formie praktycznej.<\/p>\n<p>Nast\u0119pnie ca\u0142a spo\u0142eczno\u015b\u0107 szkolna oraz wybrane klasy ze szko\u0142y podstawowej zostali zaproszeni do auli Karli\u0144skiego O\u015brodka Kultury na projekcj\u0119 filmu \u201e\u017belazny \u2013 Legenda wile\u0144skiej partyzantki\u201d. Wprowadzeniem do filmu by\u0142a kr\u00f3tka prezentacja t\u0142a historycznego wydarze\u0144 przedstawiona przez przedstawicielki samorz\u0105du uczniowskiego, kt\u00f3ra zawiera\u0142a histori\u0119 samego \u015bwi\u0119ta oraz sylwetk\u0119 bohatera filmu.<\/p>\n<p>Ostatnim elementem realizowanego projektu Namioty Wykl\u0119tych by\u0142o wieczorne spotkanie z histori\u0105 przygotowane dla spo\u0142eczno\u015bci lokalnej. Pan Dyrektor Zbigniew Pawlik przybli\u017cy\u0142 przyby\u0142ym wag\u0119 \u015bwi\u0119ta oraz wprowadzi\u0142 do filmu przedstawiaj\u0105c sylwetk\u0119 Zdzis\u0142awa Badochy-\u017belaznego. Na widowni znalaz\u0142o wiele os\u00f3b m\u0142odych i starszych os\u00f3b, kt\u00f3rym poruszana tematyka nie by\u0142a obca.<\/p>\n<p>Szczeg\u00f3lne podzi\u0119kowania za pomoc w realizacji przedsi\u0119wzi\u0119cia harcerzom z 1 Karli\u0144skiej Dru\u017cyny Harcerskiej \u201eWykl\u0119ci\u201d, a zw\u0142aszcza dru\u017cynowemu: Jakubowi Pop\u0142awskiemu oraz p. dyrektorowi Zbigniewowi Pawlikowi za opiek\u0119 merytoryczn\u0105 nad ca\u0142ym przedsi\u0119wzi\u0119ciem.<\/p>\n<div class='fotorama--wp' data-ids='10692,10693,10694,10695,10696,10697,10698,10699,10700,10701,10702,10703,10704,10705'data-link='file'data-itemtag='dl'data-icontag='dt'data-captiontag='dd'data-columns='0'data-size='large'data-width='750'data-auto='false'data-max-width='100%'data-ratio='1.3321492007105'>\n\t\t<style type=\"text\/css\">\n\t\t\t#gallery-1 {\n\t\t\t\tmargin: auto;\n\t\t\t}\n\t\t\t#gallery-1 .gallery-item {\n\t\t\t\tfloat: left;\n\t\t\t\tmargin-top: 10px;\n\t\t\t\ttext-align: center;\n\t\t\t\twidth: 100%;\n\t\t\t}\n\t\t\t#gallery-1 img {\n\t\t\t\tborder: 2px solid #cfcfcf;\n\t\t\t}\n\t\t\t#gallery-1 .gallery-caption {\n\t\t\t\tmargin-left: 0;\n\t\t\t}\n\t\t\t\/* see gallery_shortcode() in wp-includes\/media.php *\/\n\t\t<\/style>\n\t\t<div id='gallery-1' class='gallery galleryid-10691 gallery-columns-0 gallery-size-thumbnail'><dl class='gallery-item'>\n\t\t\t<dt class='gallery-icon landscape'>\n\t\t\t\t<a href='https:\/\/zskarlino.pl\/wp-content\/uploads\/2019\/03\/1.namioty.jpg' data-full='https:\/\/zskarlino.pl\/wp-content\/uploads\/2019\/03\/1.namioty.jpg' rel=\"lightbox[10691]\"><img loading=\"lazy\" decoding=\"async\" width=\"150\" height=\"150\" src=\"https:\/\/zskarlino.pl\/wp-content\/uploads\/2019\/03\/1.namioty-150x150.jpg\" class=\"attachment-thumbnail size-thumbnail\" alt=\"\" \/><\/a>\n\t\t\t<\/dt><\/dl><dl class='gallery-item'>\n\t\t\t<dt class='gallery-icon landscape'>\n\t\t\t\t<a href='https:\/\/zskarlino.pl\/wp-content\/uploads\/2019\/03\/2.-namioty.jpg' data-full='https:\/\/zskarlino.pl\/wp-content\/uploads\/2019\/03\/2.-namioty.jpg' rel=\"lightbox[10691]\"><img loading=\"lazy\" decoding=\"async\" width=\"150\" height=\"150\" src=\"https:\/\/zskarlino.pl\/wp-content\/uploads\/2019\/03\/2.-namioty-150x150.jpg\" class=\"attachment-thumbnail size-thumbnail\" alt=\"\" \/><\/a>\n\t\t\t<\/dt><\/dl><dl class='gallery-item'>\n\t\t\t<dt class='gallery-icon landscape'>\n\t\t\t\t<a href='https:\/\/zskarlino.pl\/wp-content\/uploads\/2019\/03\/3.namioty.jpg' data-full='https:\/\/zskarlino.pl\/wp-content\/uploads\/2019\/03\/3.namioty.jpg' rel=\"lightbox[10691]\"><img loading=\"lazy\" decoding=\"async\" width=\"150\" height=\"150\" src=\"https:\/\/zskarlino.pl\/wp-content\/uploads\/2019\/03\/3.namioty-150x150.jpg\" class=\"attachment-thumbnail size-thumbnail\" alt=\"\" \/><\/a>\n\t\t\t<\/dt><\/dl><dl class='gallery-item'>\n\t\t\t<dt class='gallery-icon landscape'>\n\t\t\t\t<a href='https:\/\/zskarlino.pl\/wp-content\/uploads\/2019\/03\/4.-gra-terenowa.jpg' data-full='https:\/\/zskarlino.pl\/wp-content\/uploads\/2019\/03\/4.-gra-terenowa.jpg' rel=\"lightbox[10691]\"><img loading=\"lazy\" decoding=\"async\" width=\"150\" height=\"150\" src=\"https:\/\/zskarlino.pl\/wp-content\/uploads\/2019\/03\/4.-gra-terenowa-150x150.jpg\" class=\"attachment-thumbnail size-thumbnail\" alt=\"\" \/><\/a>\n\t\t\t<\/dt><\/dl><dl class='gallery-item'>\n\t\t\t<dt class='gallery-icon landscape'>\n\t\t\t\t<a href='https:\/\/zskarlino.pl\/wp-content\/uploads\/2019\/03\/5.gra-terenowa.jpg' data-full='https:\/\/zskarlino.pl\/wp-content\/uploads\/2019\/03\/5.gra-terenowa.jpg' rel=\"lightbox[10691]\"><img loading=\"lazy\" decoding=\"async\" width=\"150\" height=\"150\" src=\"https:\/\/zskarlino.pl\/wp-content\/uploads\/2019\/03\/5.gra-terenowa-150x150.jpg\" class=\"attachment-thumbnail size-thumbnail\" alt=\"\" \/><\/a>\n\t\t\t<\/dt><\/dl><dl class='gallery-item'>\n\t\t\t<dt class='gallery-icon landscape'>\n\t\t\t\t<a href='https:\/\/zskarlino.pl\/wp-content\/uploads\/2019\/03\/6.gra-ternowa.jpg' data-full='https:\/\/zskarlino.pl\/wp-content\/uploads\/2019\/03\/6.gra-ternowa.jpg' rel=\"lightbox[10691]\"><img loading=\"lazy\" decoding=\"async\" width=\"150\" height=\"150\" src=\"https:\/\/zskarlino.pl\/wp-content\/uploads\/2019\/03\/6.gra-ternowa-150x150.jpg\" class=\"attachment-thumbnail size-thumbnail\" alt=\"\" \/><\/a>\n\t\t\t<\/dt><\/dl><dl class='gallery-item'>\n\t\t\t<dt class='gallery-icon landscape'>\n\t\t\t\t<a href='https:\/\/zskarlino.pl\/wp-content\/uploads\/2019\/03\/7.gra-ternowa.jpg' data-full='https:\/\/zskarlino.pl\/wp-content\/uploads\/2019\/03\/7.gra-ternowa.jpg' rel=\"lightbox[10691]\"><img loading=\"lazy\" decoding=\"async\" width=\"150\" height=\"150\" src=\"https:\/\/zskarlino.pl\/wp-content\/uploads\/2019\/03\/7.gra-ternowa-150x150.jpg\" class=\"attachment-thumbnail size-thumbnail\" alt=\"\" \/><\/a>\n\t\t\t<\/dt><\/dl><dl class='gallery-item'>\n\t\t\t<dt class='gallery-icon landscape'>\n\t\t\t\t<a href='https:\/\/zskarlino.pl\/wp-content\/uploads\/2019\/03\/8.-1024x768.jpg' data-full='https:\/\/zskarlino.pl\/wp-content\/uploads\/2019\/03\/8..jpg' rel=\"lightbox[10691]\"><img loading=\"lazy\" decoding=\"async\" width=\"150\" height=\"150\" src=\"https:\/\/zskarlino.pl\/wp-content\/uploads\/2019\/03\/8.-150x150.jpg\" class=\"attachment-thumbnail size-thumbnail\" alt=\"\" \/><\/a>\n\t\t\t<\/dt><\/dl><dl class='gallery-item'>\n\t\t\t<dt class='gallery-icon landscape'>\n\t\t\t\t<a href='https:\/\/zskarlino.pl\/wp-content\/uploads\/2019\/03\/9.-1024x768.jpg' data-full='https:\/\/zskarlino.pl\/wp-content\/uploads\/2019\/03\/9..jpg' rel=\"lightbox[10691]\"><img loading=\"lazy\" decoding=\"async\" width=\"150\" height=\"150\" src=\"https:\/\/zskarlino.pl\/wp-content\/uploads\/2019\/03\/9.-150x150.jpg\" class=\"attachment-thumbnail size-thumbnail\" alt=\"\" \/><\/a>\n\t\t\t<\/dt><\/dl><dl class='gallery-item'>\n\t\t\t<dt class='gallery-icon landscape'>\n\t\t\t\t<a href='https:\/\/zskarlino.pl\/wp-content\/uploads\/2019\/03\/10.-1024x768.jpg' data-full='https:\/\/zskarlino.pl\/wp-content\/uploads\/2019\/03\/10..jpg' rel=\"lightbox[10691]\"><img loading=\"lazy\" decoding=\"async\" width=\"150\" height=\"150\" src=\"https:\/\/zskarlino.pl\/wp-content\/uploads\/2019\/03\/10.-150x150.jpg\" class=\"attachment-thumbnail size-thumbnail\" alt=\"\" \/><\/a>\n\t\t\t<\/dt><\/dl><dl class='gallery-item'>\n\t\t\t<dt class='gallery-icon landscape'>\n\t\t\t\t<a href='https:\/\/zskarlino.pl\/wp-content\/uploads\/2019\/03\/11.-1024x768.jpg' data-full='https:\/\/zskarlino.pl\/wp-content\/uploads\/2019\/03\/11..jpg' rel=\"lightbox[10691]\"><img loading=\"lazy\" decoding=\"async\" width=\"150\" height=\"150\" src=\"https:\/\/zskarlino.pl\/wp-content\/uploads\/2019\/03\/11.-150x150.jpg\" class=\"attachment-thumbnail size-thumbnail\" alt=\"\" \/><\/a>\n\t\t\t<\/dt><\/dl><dl class='gallery-item'>\n\t\t\t<dt class='gallery-icon landscape'>\n\t\t\t\t<a href='https:\/\/zskarlino.pl\/wp-content\/uploads\/2019\/03\/12.-1024x768.jpg' data-full='https:\/\/zskarlino.pl\/wp-content\/uploads\/2019\/03\/12..jpg' rel=\"lightbox[10691]\"><img loading=\"lazy\" decoding=\"async\" width=\"150\" height=\"150\" src=\"https:\/\/zskarlino.pl\/wp-content\/uploads\/2019\/03\/12.-150x150.jpg\" class=\"attachment-thumbnail size-thumbnail\" alt=\"\" \/><\/a>\n\t\t\t<\/dt><\/dl><dl class='gallery-item'>\n\t\t\t<dt class='gallery-icon landscape'>\n\t\t\t\t<a href='https:\/\/zskarlino.pl\/wp-content\/uploads\/2019\/03\/13.-spotkanie-spo\u0142eczno\u015bci-szkolnej-film3.jpg' data-full='https:\/\/zskarlino.pl\/wp-content\/uploads\/2019\/03\/13.-spotkanie-spo\u0142eczno\u015bci-szkolnej-film3.jpg' rel=\"lightbox[10691]\"><img loading=\"lazy\" decoding=\"async\" width=\"150\" height=\"150\" src=\"https:\/\/zskarlino.pl\/wp-content\/uploads\/2019\/03\/13.-spotkanie-spo\u0142eczno\u015bci-szkolnej-film3-150x150.jpg\" class=\"attachment-thumbnail size-thumbnail\" alt=\"\" \/><\/a>\n\t\t\t<\/dt><\/dl><dl class='gallery-item'>\n\t\t\t<dt class='gallery-icon landscape'>\n\t\t\t\t<a href='https:\/\/zskarlino.pl\/wp-content\/uploads\/2019\/03\/14.spotkanie-spo\u0142eczno\u015bci-szkolnej-film7.jpg' data-full='https:\/\/zskarlino.pl\/wp-content\/uploads\/2019\/03\/14.spotkanie-spo\u0142eczno\u015bci-szkolnej-film7.jpg' rel=\"lightbox[10691]\"><img loading=\"lazy\" decoding=\"async\" width=\"150\" height=\"150\" src=\"https:\/\/zskarlino.pl\/wp-content\/uploads\/2019\/03\/14.spotkanie-spo\u0142eczno\u015bci-szkolnej-film7-150x150.jpg\" class=\"attachment-thumbnail size-thumbnail\" alt=\"\" \/><\/a>\n\t\t\t<\/dt><\/dl>\n\t\t<\/div>\n<\/div>\n","protected":false},"excerpt":{"rendered":"<p>Ju\u017c kolejny raz nasza szko\u0142a w\u0142\u0105czy\u0142a si\u0119 w inicjatyw\u0119 Student\u00f3w dla Rzeczypospolitej: &#8222;Namioty Wykl\u0119tych&#8221;, kt\u00f3re sta\u0142a si\u0119 szkolnymi obchodami \u015awi\u0119ta \u017bo\u0142nierzy Wykl\u0119tych i okazj\u0105 do zintegrowania spo\u0142eczno\u015bci szkolnej i lokalnej. Ju\u017c od wczesnych godzin porannych w holu Zespo\u0142u Szk\u00f3\u0142 w Karlinie przygotowana by\u0142a wystawa po\u015bwi\u0119cona wybranym \u017bo\u0142nierzom Wykl\u0119tym w aran\u017cacji nawi\u0105zuj\u0105cej do tematu przewodniego. M\u0142odzie\u017c &hellip; <\/p>\n<p><a class=\"more-link btn\" href=\"https:\/\/zskarlino.pl\/?p=10691\">Czytaj dalej<\/a><\/p>\n","protected":false},"author":8,"featured_media":0,"comment_status":"closed","ping_status":"closed","sticky":false,"template":"","format":"standard","meta":{"footnotes":""},"categories":[3],"tags":[],"class_list":["post-10691","post","type-post","status-publish","format-standard","hentry","category-wydarzenia","item-wrap"],"_links":{"self":[{"href":"https:\/\/zskarlino.pl\/index.php?rest_route=\/wp\/v2\/posts\/10691","targetHints":{"allow":["GET"]}}],"collection":[{"href":"https:\/\/zskarlino.pl\/index.php?rest_route=\/wp\/v2\/posts"}],"about":[{"href":"https:\/\/zskarlino.pl\/index.php?rest_route=\/wp\/v2\/types\/post"}],"author":[{"embeddable":true,"href":"https:\/\/zskarlino.pl\/index.php?rest_route=\/wp\/v2\/users\/8"}],"replies":[{"embeddable":true,"href":"https:\/\/zskarlino.pl\/index.php?rest_route=%2Fwp%2Fv2%2Fcomments&post=10691"}],"version-history":[{"count":2,"href":"https:\/\/zskarlino.pl\/index.php?rest_route=\/wp\/v2\/posts\/10691\/revisions"}],"predecessor-version":[{"id":10981,"href":"https:\/\/zskarlino.pl\/index.php?rest_route=\/wp\/v2\/posts\/10691\/revisions\/10981"}],"wp:attachment":[{"href":"https:\/\/zskarlino.pl\/index.php?rest_route=%2Fwp%2Fv2%2Fmedia&parent=10691"}],"wp:term":[{"taxonomy":"category","embeddable":true,"href":"https:\/\/zskarlino.pl\/index.php?rest_route=%2Fwp%2Fv2%2Fcategories&post=10691"},{"taxonomy":"post_tag","embeddable":true,"href":"https:\/\/zskarlino.pl\/index.php?rest_route=%2Fwp%2Fv2%2Ftags&post=10691"}],"curies":[{"name":"wp","href":"https:\/\/api.w.org\/{rel}","templated":true}]}}