{"id":10679,"date":"2018-12-21T15:00:00","date_gmt":"2018-12-21T14:00:00","guid":{"rendered":"http:\/\/zskarlino.pl\/?p=10679"},"modified":"2019-03-01T13:40:03","modified_gmt":"2019-03-01T12:40:03","slug":"spotkanie-swiateczne-w-zespole-szkol","status":"publish","type":"post","link":"https:\/\/zskarlino.pl\/?p=10679","title":{"rendered":"Spotkanie \u015bwi\u0105teczne w Zespole Szk\u00f3\u0142"},"content":{"rendered":"<p style=\"text-align: justify;\"><img loading=\"lazy\" decoding=\"async\" class=\"aligncenter size-large wp-image-10680\" src=\"http:\/\/zskarlino.pl\/wp-content\/uploads\/2019\/03\/\u015bwi\u0119ta-1024x683.jpg\" alt=\"\u015bwi\u0119ta\" width=\"1024\" height=\"683\" srcset=\"https:\/\/zskarlino.pl\/wp-content\/uploads\/2019\/03\/\u015bwi\u0119ta-1024x683.jpg 1024w, https:\/\/zskarlino.pl\/wp-content\/uploads\/2019\/03\/\u015bwi\u0119ta-300x200.jpg 300w, https:\/\/zskarlino.pl\/wp-content\/uploads\/2019\/03\/\u015bwi\u0119ta.jpg 2048w\" sizes=\"auto, (max-width: 1024px) 100vw, 1024px\" \/><\/p>\n<p style=\"text-align: justify;\">Klasa III d Gimnazjum pod opiek\u0105 Pani Moniki O\u017c\u00f3g ubogaci\u0142a spotkanie przedstawieniem \u015bwi\u0105tecznym pt. &#8222;Gwiazda, jeszcze nie spad\u0142a&#8221;.<br \/>\nMogli\u015bmy zobaczy\u0107 talenty aktorskie i pi\u0119knie przygotowany spektakl, kt\u00f3ry wprowadzi\u0142 nas w atmosfer\u0119 \u015bwi\u0105t. Dzi\u0119kujemy!<\/p>\n<p style=\"text-align: justify;\">\nM\u0142odzie\u017c mia\u0142a r\u00f3wnie\u017c mo\u017cliwo\u015b\u0107 spotkania z Komendantem SM, kt\u00f3ry przypomnia\u0142 zasady bezpiecze\u0144stwa w zakresie \u015brodk\u00f3w pirotechnicznych. <span class=\"text_exposed_show\"><\/p>\n<p><\/span><\/p>\n<p style=\"text-align: center;\"><iframe loading=\"lazy\" src=\"https:\/\/www.facebook.com\/plugins\/post.php?href=https%3A%2F%2Fwww.facebook.com%2Fzskarlino%2Fposts%2F2257658040910906&#038;width=500\" width=\"500\" height=\"792\" style=\"border:none;overflow:hidden\" scrolling=\"no\" frameborder=\"0\" allowTransparency=\"true\" allow=\"encrypted-media\"><\/iframe><\/p>\n<p style=\"text-align: right;\"><em>Marzena Czarnas<\/em><\/p>\n","protected":false},"excerpt":{"rendered":"<p>Klasa III d Gimnazjum pod opiek\u0105 Pani Moniki O\u017c\u00f3g ubogaci\u0142a spotkanie przedstawieniem \u015bwi\u0105tecznym pt. &#8222;Gwiazda, jeszcze nie spad\u0142a&#8221;. Mogli\u015bmy zobaczy\u0107 talenty aktorskie i pi\u0119knie przygotowany spektakl, kt\u00f3ry wprowadzi\u0142 nas w atmosfer\u0119 \u015bwi\u0105t. Dzi\u0119kujemy! M\u0142odzie\u017c mia\u0142a r\u00f3wnie\u017c mo\u017cliwo\u015b\u0107 spotkania z Komendantem SM, kt\u00f3ry przypomnia\u0142 zasady bezpiecze\u0144stwa w zakresie \u015brodk\u00f3w pirotechnicznych. Marzena Czarnas<\/p>\n","protected":false},"author":6,"featured_media":0,"comment_status":"closed","ping_status":"closed","sticky":false,"template":"","format":"standard","meta":{"footnotes":""},"categories":[3],"tags":[],"class_list":["post-10679","post","type-post","status-publish","format-standard","hentry","category-wydarzenia","item-wrap"],"_links":{"self":[{"href":"https:\/\/zskarlino.pl\/index.php?rest_route=\/wp\/v2\/posts\/10679","targetHints":{"allow":["GET"]}}],"collection":[{"href":"https:\/\/zskarlino.pl\/index.php?rest_route=\/wp\/v2\/posts"}],"about":[{"href":"https:\/\/zskarlino.pl\/index.php?rest_route=\/wp\/v2\/types\/post"}],"author":[{"embeddable":true,"href":"https:\/\/zskarlino.pl\/index.php?rest_route=\/wp\/v2\/users\/6"}],"replies":[{"embeddable":true,"href":"https:\/\/zskarlino.pl\/index.php?rest_route=%2Fwp%2Fv2%2Fcomments&post=10679"}],"version-history":[{"count":1,"href":"https:\/\/zskarlino.pl\/index.php?rest_route=\/wp\/v2\/posts\/10679\/revisions"}],"predecessor-version":[{"id":10681,"href":"https:\/\/zskarlino.pl\/index.php?rest_route=\/wp\/v2\/posts\/10679\/revisions\/10681"}],"wp:attachment":[{"href":"https:\/\/zskarlino.pl\/index.php?rest_route=%2Fwp%2Fv2%2Fmedia&parent=10679"}],"wp:term":[{"taxonomy":"category","embeddable":true,"href":"https:\/\/zskarlino.pl\/index.php?rest_route=%2Fwp%2Fv2%2Fcategories&post=10679"},{"taxonomy":"post_tag","embeddable":true,"href":"https:\/\/zskarlino.pl\/index.php?rest_route=%2Fwp%2Fv2%2Ftags&post=10679"}],"curies":[{"name":"wp","href":"https:\/\/api.w.org\/{rel}","templated":true}]}}