{"id":10673,"date":"2019-02-23T13:00:20","date_gmt":"2019-02-23T12:00:20","guid":{"rendered":"http:\/\/zskarlino.pl\/?p=10673"},"modified":"2019-03-01T13:28:27","modified_gmt":"2019-03-01T12:28:27","slug":"bal-gimnazjalny-2019","status":"publish","type":"post","link":"https:\/\/zskarlino.pl\/?p=10673","title":{"rendered":"Bal Gimnazjalny 2019!"},"content":{"rendered":"<p><img loading=\"lazy\" decoding=\"async\" class=\"aligncenter size-large wp-image-10674\" src=\"http:\/\/zskarlino.pl\/wp-content\/uploads\/2019\/03\/bal-gimnazjalny-1024x683.jpg\" alt=\"bal gimnazjalny\" width=\"1024\" height=\"683\" srcset=\"https:\/\/zskarlino.pl\/wp-content\/uploads\/2019\/03\/bal-gimnazjalny-1024x683.jpg 1024w, https:\/\/zskarlino.pl\/wp-content\/uploads\/2019\/03\/bal-gimnazjalny-300x200.jpg 300w, https:\/\/zskarlino.pl\/wp-content\/uploads\/2019\/03\/bal-gimnazjalny.jpg 2048w\" sizes=\"auto, (max-width: 1024px) 100vw, 1024px\" \/><\/p>\n<p>W pi\u0105tek 22 lutego br. odby\u0142 si\u0119 tradycyjny &#8211; aczkolwiek ju\u017c ostatni &#8211; bal gimnazjalny! Uczniowie bawili si\u0119 fantastyczne!<\/p>\n<p>Za organizacj\u0119 odpowiedzialni byli rodzice uczni\u00f3w i niesamowicie spisali si\u0119 w tej roli &#8211; wszystko by\u0142o dopi\u0119te na ostatni guzik! Bardzo dzi\u0119kujemy za organizacj\u0119 tej imprezy!<\/p>\n<p>Zdj\u0119cia z balu wykona\u0142 nasz ucze\u0144 i na jego stronie na FB znajdziecie ich wi\u0119cej:<br \/>\n<iframe loading=\"lazy\" style=\"border: none; overflow: hidden;\" src=\"https:\/\/www.facebook.com\/plugins\/post.php?href=https%3A%2F%2Fwww.facebook.com%2FkochamKarlino%2Fposts%2F1690058274429492&amp;width=500\" width=\"500\" height=\"650\" frameborder=\"0\" scrolling=\"no\"><\/iframe><\/p>\n","protected":false},"excerpt":{"rendered":"<p>W pi\u0105tek 22 lutego br. odby\u0142 si\u0119 tradycyjny &#8211; aczkolwiek ju\u017c ostatni &#8211; bal gimnazjalny! Uczniowie bawili si\u0119 fantastyczne! Za organizacj\u0119 odpowiedzialni byli rodzice uczni\u00f3w i niesamowicie spisali si\u0119 w tej roli &#8211; wszystko by\u0142o dopi\u0119te na ostatni guzik! Bardzo dzi\u0119kujemy za organizacj\u0119 tej imprezy! Zdj\u0119cia z balu wykona\u0142 nasz ucze\u0144 i na jego stronie &hellip; <\/p>\n<p><a class=\"more-link btn\" href=\"https:\/\/zskarlino.pl\/?p=10673\">Czytaj dalej<\/a><\/p>\n","protected":false},"author":6,"featured_media":0,"comment_status":"closed","ping_status":"closed","sticky":false,"template":"","format":"standard","meta":{"footnotes":""},"categories":[3],"tags":[],"class_list":["post-10673","post","type-post","status-publish","format-standard","hentry","category-wydarzenia","item-wrap"],"_links":{"self":[{"href":"https:\/\/zskarlino.pl\/index.php?rest_route=\/wp\/v2\/posts\/10673","targetHints":{"allow":["GET"]}}],"collection":[{"href":"https:\/\/zskarlino.pl\/index.php?rest_route=\/wp\/v2\/posts"}],"about":[{"href":"https:\/\/zskarlino.pl\/index.php?rest_route=\/wp\/v2\/types\/post"}],"author":[{"embeddable":true,"href":"https:\/\/zskarlino.pl\/index.php?rest_route=\/wp\/v2\/users\/6"}],"replies":[{"embeddable":true,"href":"https:\/\/zskarlino.pl\/index.php?rest_route=%2Fwp%2Fv2%2Fcomments&post=10673"}],"version-history":[{"count":1,"href":"https:\/\/zskarlino.pl\/index.php?rest_route=\/wp\/v2\/posts\/10673\/revisions"}],"predecessor-version":[{"id":10675,"href":"https:\/\/zskarlino.pl\/index.php?rest_route=\/wp\/v2\/posts\/10673\/revisions\/10675"}],"wp:attachment":[{"href":"https:\/\/zskarlino.pl\/index.php?rest_route=%2Fwp%2Fv2%2Fmedia&parent=10673"}],"wp:term":[{"taxonomy":"category","embeddable":true,"href":"https:\/\/zskarlino.pl\/index.php?rest_route=%2Fwp%2Fv2%2Fcategories&post=10673"},{"taxonomy":"post_tag","embeddable":true,"href":"https:\/\/zskarlino.pl\/index.php?rest_route=%2Fwp%2Fv2%2Ftags&post=10673"}],"curies":[{"name":"wp","href":"https:\/\/api.w.org\/{rel}","templated":true}]}}