{"id":10648,"date":"2019-02-12T15:53:29","date_gmt":"2019-02-12T14:53:29","guid":{"rendered":"http:\/\/zskarlino.pl\/?p=10648"},"modified":"2019-02-12T15:53:29","modified_gmt":"2019-02-12T14:53:29","slug":"zajecia-dodatkowe","status":"publish","type":"post","link":"https:\/\/zskarlino.pl\/?p=10648","title":{"rendered":"ZAJ\u0118CIA DODATKOWE"},"content":{"rendered":"<p>Zapraszamy na zaj\u0119cia dodatkowe realizowane w ramach projekt\u00f3w edukacyjnych: &#8222;Nowoczesna Szko\u0142a Nowoczesna Edukacja&#8221; oraz &#8222;Razem w Zawodow\u0105 Przysz\u0142o\u015b\u0107!&#8221;<\/p>\n<p>&nbsp;<\/p>\n<p>&nbsp;<\/p>\n<p><a href=\"http:\/\/zskarlino.pl\/wp-content\/uploads\/2019\/02\/ZAJ\u0118CIA-W-RAMACH-PROJEKTU-Nowoczesna_plan-zaj\u0119\u0107-od-II-2019.pdf\">ZAJ\u0118CIA W RAMACH PROJEKTU Nowoczesna Szko\u0142a &#8211; Nowoczesna Edukacja_plan zaj\u0119\u0107 od II 2019<\/a><\/p>\n<p><a href=\"http:\/\/zskarlino.pl\/wp-content\/uploads\/2019\/02\/PLAN-ZAJ\u0118\u0106_razem-w-zawodow\u0105-przysz\u0142o\u015b\u0107_II-2019.pdf\">PLAN ZAJ\u0118\u0106_razem w zawodow\u0105 przysz\u0142o\u015b\u0107_II 2019<\/a><\/p>\n<p>&nbsp;<\/p>\n","protected":false},"excerpt":{"rendered":"<p>Zapraszamy na zaj\u0119cia dodatkowe realizowane w ramach projekt\u00f3w edukacyjnych: &#8222;Nowoczesna Szko\u0142a Nowoczesna Edukacja&#8221; oraz &#8222;Razem w Zawodow\u0105 Przysz\u0142o\u015b\u0107!&#8221; &nbsp; &nbsp; ZAJ\u0118CIA W RAMACH PROJEKTU Nowoczesna Szko\u0142a &#8211; Nowoczesna Edukacja_plan zaj\u0119\u0107 od II 2019 PLAN ZAJ\u0118\u0106_razem w zawodow\u0105 przysz\u0142o\u015b\u0107_II 2019 &nbsp;<\/p>\n","protected":false},"author":8,"featured_media":0,"comment_status":"closed","ping_status":"closed","sticky":false,"template":"","format":"standard","meta":{"footnotes":""},"categories":[3],"tags":[],"class_list":["post-10648","post","type-post","status-publish","format-standard","hentry","category-wydarzenia","item-wrap"],"_links":{"self":[{"href":"https:\/\/zskarlino.pl\/index.php?rest_route=\/wp\/v2\/posts\/10648","targetHints":{"allow":["GET"]}}],"collection":[{"href":"https:\/\/zskarlino.pl\/index.php?rest_route=\/wp\/v2\/posts"}],"about":[{"href":"https:\/\/zskarlino.pl\/index.php?rest_route=\/wp\/v2\/types\/post"}],"author":[{"embeddable":true,"href":"https:\/\/zskarlino.pl\/index.php?rest_route=\/wp\/v2\/users\/8"}],"replies":[{"embeddable":true,"href":"https:\/\/zskarlino.pl\/index.php?rest_route=%2Fwp%2Fv2%2Fcomments&post=10648"}],"version-history":[{"count":1,"href":"https:\/\/zskarlino.pl\/index.php?rest_route=\/wp\/v2\/posts\/10648\/revisions"}],"predecessor-version":[{"id":10650,"href":"https:\/\/zskarlino.pl\/index.php?rest_route=\/wp\/v2\/posts\/10648\/revisions\/10650"}],"wp:attachment":[{"href":"https:\/\/zskarlino.pl\/index.php?rest_route=%2Fwp%2Fv2%2Fmedia&parent=10648"}],"wp:term":[{"taxonomy":"category","embeddable":true,"href":"https:\/\/zskarlino.pl\/index.php?rest_route=%2Fwp%2Fv2%2Fcategories&post=10648"},{"taxonomy":"post_tag","embeddable":true,"href":"https:\/\/zskarlino.pl\/index.php?rest_route=%2Fwp%2Fv2%2Ftags&post=10648"}],"curies":[{"name":"wp","href":"https:\/\/api.w.org\/{rel}","templated":true}]}}