{"id":10623,"date":"2019-01-22T19:19:54","date_gmt":"2019-01-22T18:19:54","guid":{"rendered":"http:\/\/zskarlino.pl\/?p=10623"},"modified":"2019-01-23T19:26:32","modified_gmt":"2019-01-23T18:26:32","slug":"gora-grosza-2","status":"publish","type":"post","link":"https:\/\/zskarlino.pl\/?p=10623","title":{"rendered":"G\u00f3ra grosza!"},"content":{"rendered":"<p style=\"text-align: justify;\"><img loading=\"lazy\" decoding=\"async\" class=\"aligncenter size-full wp-image-10624\" src=\"http:\/\/zskarlino.pl\/wp-content\/uploads\/2019\/01\/Zrzut-ekranu-2019-01-23-19.21.48.png\" alt=\"Zrzut ekranu 2019-01-23 19.21.48\" width=\"902\" height=\"394\" srcset=\"https:\/\/zskarlino.pl\/wp-content\/uploads\/2019\/01\/Zrzut-ekranu-2019-01-23-19.21.48.png 902w, https:\/\/zskarlino.pl\/wp-content\/uploads\/2019\/01\/Zrzut-ekranu-2019-01-23-19.21.48-300x131.png 300w\" sizes=\"auto, (max-width: 902px) 100vw, 902px\" \/><br \/>\nOg\u00f3lnopolska Akcja \u201eG\u00f3ra Grosza\u201d podsumowana. W akcji braliudzia\u0142\u00a0uczniowie wszystkich klas Gimnazjum oraz III Liceum Og\u00f3lnokszta\u0142cacego\u00a0 i I Technikum. Dzi\u0119ki zaanga\u017cowaniu i ofiarno\u015bci uczni\u00f3w ZS Karlino uda\u0142o si\u0119 zebra\u0107 278,58 z\u0142. Kwota ta zostanie przekazana na rzecz dzieci, kt\u00f3re nie wychowuj\u0105 si\u0119 we w\u0142asnej rodzinie.<\/p>\n<p>Najwi\u0119cej \u201egrosza\u201d uzbiera\u0142y klasy:<\/p>\n<p>III a &#8211; 56,76 z\u0142.<\/p>\n<p>III b &#8211; 44,80 z\u0142.<\/p>\n<p>III LO &#8211; 41,67 z\u0142.<img loading=\"lazy\" decoding=\"async\" class=\"aligncenter size-full wp-image-10625\" src=\"http:\/\/zskarlino.pl\/wp-content\/uploads\/2019\/01\/DSC_0453.jpg\" alt=\"DSC_0453\" width=\"1024\" height=\"683\" srcset=\"https:\/\/zskarlino.pl\/wp-content\/uploads\/2019\/01\/DSC_0453.jpg 1024w, https:\/\/zskarlino.pl\/wp-content\/uploads\/2019\/01\/DSC_0453-300x200.jpg 300w\" sizes=\"auto, (max-width: 1024px) 100vw, 1024px\" \/><\/p>\n<p><strong>Serdecznie dzi\u0119kujemy uczniom\u00a0 za wk\u0142ad \u00a0w\u0142o\u017cony zar\u00f3wno w zbieranie jak i liczenie \u201egroszy\u201c!<\/strong><\/p>\n<p>&nbsp;<\/p>\n<p style=\"text-align: right;\">Magdalena Mali\u0144ska<\/p>\n","protected":false},"excerpt":{"rendered":"<p>Og\u00f3lnopolska Akcja \u201eG\u00f3ra Grosza\u201d podsumowana. W akcji braliudzia\u0142\u00a0uczniowie wszystkich klas Gimnazjum oraz III Liceum Og\u00f3lnokszta\u0142cacego\u00a0 i I Technikum. Dzi\u0119ki zaanga\u017cowaniu i ofiarno\u015bci uczni\u00f3w ZS Karlino uda\u0142o si\u0119 zebra\u0107 278,58 z\u0142. Kwota ta zostanie przekazana na rzecz dzieci, kt\u00f3re nie wychowuj\u0105 si\u0119 we w\u0142asnej rodzinie. Najwi\u0119cej \u201egrosza\u201d uzbiera\u0142y klasy: III a &#8211; 56,76 z\u0142. III b &hellip; <\/p>\n<p><a class=\"more-link btn\" href=\"https:\/\/zskarlino.pl\/?p=10623\">Czytaj dalej<\/a><\/p>\n","protected":false},"author":6,"featured_media":0,"comment_status":"closed","ping_status":"closed","sticky":false,"template":"","format":"standard","meta":{"footnotes":""},"categories":[3],"tags":[],"class_list":["post-10623","post","type-post","status-publish","format-standard","hentry","category-wydarzenia","item-wrap"],"_links":{"self":[{"href":"https:\/\/zskarlino.pl\/index.php?rest_route=\/wp\/v2\/posts\/10623","targetHints":{"allow":["GET"]}}],"collection":[{"href":"https:\/\/zskarlino.pl\/index.php?rest_route=\/wp\/v2\/posts"}],"about":[{"href":"https:\/\/zskarlino.pl\/index.php?rest_route=\/wp\/v2\/types\/post"}],"author":[{"embeddable":true,"href":"https:\/\/zskarlino.pl\/index.php?rest_route=\/wp\/v2\/users\/6"}],"replies":[{"embeddable":true,"href":"https:\/\/zskarlino.pl\/index.php?rest_route=%2Fwp%2Fv2%2Fcomments&post=10623"}],"version-history":[{"count":1,"href":"https:\/\/zskarlino.pl\/index.php?rest_route=\/wp\/v2\/posts\/10623\/revisions"}],"predecessor-version":[{"id":10626,"href":"https:\/\/zskarlino.pl\/index.php?rest_route=\/wp\/v2\/posts\/10623\/revisions\/10626"}],"wp:attachment":[{"href":"https:\/\/zskarlino.pl\/index.php?rest_route=%2Fwp%2Fv2%2Fmedia&parent=10623"}],"wp:term":[{"taxonomy":"category","embeddable":true,"href":"https:\/\/zskarlino.pl\/index.php?rest_route=%2Fwp%2Fv2%2Fcategories&post=10623"},{"taxonomy":"post_tag","embeddable":true,"href":"https:\/\/zskarlino.pl\/index.php?rest_route=%2Fwp%2Fv2%2Ftags&post=10623"}],"curies":[{"name":"wp","href":"https:\/\/api.w.org\/{rel}","templated":true}]}}