{"id":10585,"date":"2018-12-11T22:22:57","date_gmt":"2018-12-11T21:22:57","guid":{"rendered":"http:\/\/zskarlino.pl\/?p=10585"},"modified":"2018-12-12T22:33:32","modified_gmt":"2018-12-12T21:33:32","slug":"narodowe-czytanie-2018","status":"publish","type":"post","link":"https:\/\/zskarlino.pl\/?p=10585","title":{"rendered":"Narodowe Czytanie 2018"},"content":{"rendered":"<div class='fotorama--wp' data-ids='10583,10584,10582,10581,10580,10579'data-link='file'data-itemtag='dl'data-icontag='dt'data-captiontag='dd'data-columns='0'data-size='large'data-width='480'data-auto='false'data-max-width='100%'data-ratio='0.6'>\n\t\t<style type=\"text\/css\">\n\t\t\t#gallery-1 {\n\t\t\t\tmargin: auto;\n\t\t\t}\n\t\t\t#gallery-1 .gallery-item {\n\t\t\t\tfloat: left;\n\t\t\t\tmargin-top: 10px;\n\t\t\t\ttext-align: center;\n\t\t\t\twidth: 100%;\n\t\t\t}\n\t\t\t#gallery-1 img {\n\t\t\t\tborder: 2px solid #cfcfcf;\n\t\t\t}\n\t\t\t#gallery-1 .gallery-caption {\n\t\t\t\tmargin-left: 0;\n\t\t\t}\n\t\t\t\/* see gallery_shortcode() in wp-includes\/media.php *\/\n\t\t<\/style>\n\t\t<div id='gallery-1' class='gallery galleryid-10585 gallery-columns-0 gallery-size-thumbnail'><dl class='gallery-item'>\n\t\t\t<dt class='gallery-icon portrait'>\n\t\t\t\t<a href='https:\/\/zskarlino.pl\/wp-content\/uploads\/2018\/12\/20181203_142009.jpeg' data-full='https:\/\/zskarlino.pl\/wp-content\/uploads\/2018\/12\/20181203_142009.jpeg' rel=\"lightbox[10585]\"><img loading=\"lazy\" decoding=\"async\" width=\"150\" height=\"150\" src=\"https:\/\/zskarlino.pl\/wp-content\/uploads\/2018\/12\/20181203_142009-150x150.jpeg\" class=\"attachment-thumbnail size-thumbnail\" alt=\"\" \/><\/a>\n\t\t\t<\/dt><\/dl><dl class='gallery-item'>\n\t\t\t<dt class='gallery-icon portrait'>\n\t\t\t\t<a href='https:\/\/zskarlino.pl\/wp-content\/uploads\/2018\/12\/20181203_142101.jpeg' data-full='https:\/\/zskarlino.pl\/wp-content\/uploads\/2018\/12\/20181203_142101.jpeg' rel=\"lightbox[10585]\"><img loading=\"lazy\" decoding=\"async\" width=\"150\" height=\"150\" src=\"https:\/\/zskarlino.pl\/wp-content\/uploads\/2018\/12\/20181203_142101-150x150.jpeg\" class=\"attachment-thumbnail size-thumbnail\" alt=\"\" \/><\/a>\n\t\t\t<\/dt><\/dl><dl class='gallery-item'>\n\t\t\t<dt class='gallery-icon portrait'>\n\t\t\t\t<a href='https:\/\/zskarlino.pl\/wp-content\/uploads\/2018\/12\/20181203_141800.jpeg' data-full='https:\/\/zskarlino.pl\/wp-content\/uploads\/2018\/12\/20181203_141800.jpeg' rel=\"lightbox[10585]\"><img loading=\"lazy\" decoding=\"async\" width=\"150\" height=\"150\" src=\"https:\/\/zskarlino.pl\/wp-content\/uploads\/2018\/12\/20181203_141800-150x150.jpeg\" class=\"attachment-thumbnail size-thumbnail\" alt=\"\" \/><\/a>\n\t\t\t<\/dt><\/dl><dl class='gallery-item'>\n\t\t\t<dt class='gallery-icon portrait'>\n\t\t\t\t<a href='https:\/\/zskarlino.pl\/wp-content\/uploads\/2018\/12\/20181203_142207.jpeg' data-full='https:\/\/zskarlino.pl\/wp-content\/uploads\/2018\/12\/20181203_142207.jpeg' rel=\"lightbox[10585]\"><img loading=\"lazy\" decoding=\"async\" width=\"150\" height=\"150\" src=\"https:\/\/zskarlino.pl\/wp-content\/uploads\/2018\/12\/20181203_142207-150x150.jpeg\" class=\"attachment-thumbnail size-thumbnail\" alt=\"\" \/><\/a>\n\t\t\t<\/dt><\/dl><dl class='gallery-item'>\n\t\t\t<dt class='gallery-icon portrait'>\n\t\t\t\t<a href='https:\/\/zskarlino.pl\/wp-content\/uploads\/2018\/12\/20181126_134923.jpeg' data-full='https:\/\/zskarlino.pl\/wp-content\/uploads\/2018\/12\/20181126_134923.jpeg' rel=\"lightbox[10585]\"><img loading=\"lazy\" decoding=\"async\" width=\"150\" height=\"150\" src=\"https:\/\/zskarlino.pl\/wp-content\/uploads\/2018\/12\/20181126_134923-150x150.jpeg\" class=\"attachment-thumbnail size-thumbnail\" alt=\"\" \/><\/a>\n\t\t\t<\/dt><\/dl><dl class='gallery-item'>\n\t\t\t<dt class='gallery-icon portrait'>\n\t\t\t\t<a href='https:\/\/zskarlino.pl\/wp-content\/uploads\/2018\/12\/20181126_134910.jpeg' data-full='https:\/\/zskarlino.pl\/wp-content\/uploads\/2018\/12\/20181126_134910.jpeg' rel=\"lightbox[10585]\"><img loading=\"lazy\" decoding=\"async\" width=\"150\" height=\"150\" src=\"https:\/\/zskarlino.pl\/wp-content\/uploads\/2018\/12\/20181126_134910-150x150.jpeg\" class=\"attachment-thumbnail size-thumbnail\" alt=\"\" \/><\/a>\n\t\t\t<\/dt><\/dl>\n\t\t<\/div>\n<\/div>\n<div class=\"embed-container\"><iframe loading=\"lazy\" title=\"Narodowe Czytanie 2018 - Sonda\u017c przeprowadzony przez uczni\u00f3w Zespo\u0142u Szk\u00f3\u0142 w Karlinie\" width=\"750\" height=\"422\" src=\"https:\/\/www.youtube.com\/embed\/dvxI9Owv-4Q?feature=oembed\" frameborder=\"0\" allow=\"accelerometer; autoplay; encrypted-media; gyroscope; picture-in-picture\" allowfullscreen><\/iframe><\/div>\n<p style=\"text-align: justify;\">Akcja Narodowe Czytanie \u2013 to polska akcja spo\u0142eczna. W czasie jej trwania odczytywane s\u0105 publicznie oraz w \u015brodkach masowego przekazu obszerne fragmenty dzie\u0142 literackich. Akcja ta zosta\u0142a zapocz\u0105tkowana przez prezydenta RP Bronis\u0142awa Komorowskiego w 2012 roku. Nast\u0119pnie jest kontynuowana przez Agat\u0119 Kornhauser-Dud\u0119 i Andrzeja Dud\u0119. Obecna Para Prezydencka przyczyni\u0142a si\u0119 do popularyzacji akcji i zach\u0119ci\u0142a wszystkich Polak\u00f3w do czytania.<\/p>\n<p style=\"text-align: justify;\">Lektur\u0105 Narodowego Czytania na kulminacj\u0119 akcji 8 wrze\u015bnia 2018 roku by\u0142o \u201e<em>Przedwio\u015bnie\u201dStefana \u017beromskiego<\/em>. Ponadto Para Prezydencka, w 100-setn\u0105 rocznic\u0119 odzyskania niepodleg\u0142o\u015bci przez Polsk\u0119, zaproponowa\u0142a do czytania\u00a044 teksty Antologii Niepodleg\u0142o\u015bci.<\/p>\n<p style=\"text-align: justify;\">Zwolennicy Narodowego Czytania propaguj\u0105 polsk\u0105 literatur\u0119 i popularyzuj\u0105 czytelnictwo, a tak\u017ce zwracaj\u0105 uwag\u0119 na potrzeb\u0119 dba\u0142o\u015bci o polszczyzn\u0119 oraz wzmacniaj\u0105 poczucie wsp\u00f3lnej to\u017csamo\u015bci. Tw\u00f3rc\u00f3w idei do jej stworzenia zach\u0119ci\u0142y korzy\u015bci wynikaj\u0105ce<br \/>\nz czytania ksi\u0105\u017cek. Niew\u0105tpliwie jest to pog\u0142\u0119bianie wiedzy, rozwijanie i poszerzanie wyobra\u017ani, wzbogacanie s\u0142ownictwa, poprawa koncentracji oraz rozwijanie empatii.<\/p>\n<p style=\"text-align: justify;\">W naszej szkole w obecnym roku szkolnym zainicjowali\u015bmy akcj\u0119 Narodowego Czytania, tworz\u0105c prace plastyczne w formie w\u0142asnego projektu ok\u0142adki kolejnego wydania \u201ePrzedwio\u015bnia\u201d lub projektu ok\u0142adki wybranego dzie\u0142a \u017beromskiego. Je\u017celi autora pracy zawiod\u0142a pomys\u0142owo\u015b\u0107, m\u00f3g\u0142 wykona\u0107 kopi\u0119 ok\u0142adki ju\u017c istniej\u0105cej. Prace plastyczne autorstwa uczni\u00f3w klasy III A i III C zaprezentowali\u015bmy w formie wystawy.\u00a0Ponadto przeprowadzili\u015bmy sond\u0119 zwi\u0105zan\u0105 z akcj\u0105. Byli\u015bmy ciekawi, czy idea Narodowego Czytania jest bliska mieszka\u0144com Karlina i uczniom Szko\u0142y Podstawowej i Zespo\u0142u Szk\u00f3\u0142 w Karlinie.<\/p>\n<p style=\"text-align: justify;\">\u00a0Dnia 13 listopada uczniowie Zespo\u0142u Szk\u00f3\u0142 w Karlinie czytali fragmenty \u201ePrzedwio\u015bnia\u201d<br \/>\nS. \u017beromskiego. Przedstawili ide\u0119 Narodowego Czytania oraz zaprezentowali tytu\u0142y Antologii Niepodleg\u0142o\u015bci. Poza tym pokazali prezentacj\u0119 o \u017cyciu i tw\u00f3rczo\u015bci pisarza.<\/p>\n<p><strong>\u00a0<\/strong><\/p>\n<p style=\"text-align: right;\">Wychowawca &#8211; Gra\u017cyna Chwieduk oraz klasa III A<\/p>\n","protected":false},"excerpt":{"rendered":"<p>Akcja Narodowe Czytanie \u2013 to polska akcja spo\u0142eczna. W czasie jej trwania odczytywane s\u0105 publicznie oraz w \u015brodkach masowego przekazu obszerne fragmenty dzie\u0142 literackich. Akcja ta zosta\u0142a zapocz\u0105tkowana przez prezydenta RP Bronis\u0142awa Komorowskiego w 2012 roku. Nast\u0119pnie jest kontynuowana przez Agat\u0119 Kornhauser-Dud\u0119 i Andrzeja Dud\u0119. Obecna Para Prezydencka przyczyni\u0142a si\u0119 do popularyzacji akcji i zach\u0119ci\u0142a &hellip; <\/p>\n<p><a class=\"more-link btn\" href=\"https:\/\/zskarlino.pl\/?p=10585\">Czytaj dalej<\/a><\/p>\n","protected":false},"author":6,"featured_media":0,"comment_status":"closed","ping_status":"closed","sticky":false,"template":"","format":"standard","meta":{"footnotes":""},"categories":[3],"tags":[],"class_list":["post-10585","post","type-post","status-publish","format-standard","hentry","category-wydarzenia","item-wrap"],"_links":{"self":[{"href":"https:\/\/zskarlino.pl\/index.php?rest_route=\/wp\/v2\/posts\/10585","targetHints":{"allow":["GET"]}}],"collection":[{"href":"https:\/\/zskarlino.pl\/index.php?rest_route=\/wp\/v2\/posts"}],"about":[{"href":"https:\/\/zskarlino.pl\/index.php?rest_route=\/wp\/v2\/types\/post"}],"author":[{"embeddable":true,"href":"https:\/\/zskarlino.pl\/index.php?rest_route=\/wp\/v2\/users\/6"}],"replies":[{"embeddable":true,"href":"https:\/\/zskarlino.pl\/index.php?rest_route=%2Fwp%2Fv2%2Fcomments&post=10585"}],"version-history":[{"count":1,"href":"https:\/\/zskarlino.pl\/index.php?rest_route=\/wp\/v2\/posts\/10585\/revisions"}],"predecessor-version":[{"id":10586,"href":"https:\/\/zskarlino.pl\/index.php?rest_route=\/wp\/v2\/posts\/10585\/revisions\/10586"}],"wp:attachment":[{"href":"https:\/\/zskarlino.pl\/index.php?rest_route=%2Fwp%2Fv2%2Fmedia&parent=10585"}],"wp:term":[{"taxonomy":"category","embeddable":true,"href":"https:\/\/zskarlino.pl\/index.php?rest_route=%2Fwp%2Fv2%2Fcategories&post=10585"},{"taxonomy":"post_tag","embeddable":true,"href":"https:\/\/zskarlino.pl\/index.php?rest_route=%2Fwp%2Fv2%2Ftags&post=10585"}],"curies":[{"name":"wp","href":"https:\/\/api.w.org\/{rel}","templated":true}]}}