{"id":10571,"date":"2018-11-22T21:34:11","date_gmt":"2018-11-22T20:34:11","guid":{"rendered":"http:\/\/zskarlino.pl\/?p=10571"},"modified":"2018-11-27T21:41:00","modified_gmt":"2018-11-27T20:41:00","slug":"konkurs-wiedzy-o-symbolach-narodowych-na-stulecie-niepodleglosci","status":"publish","type":"post","link":"https:\/\/zskarlino.pl\/?p=10571","title":{"rendered":"Konkurs Wiedzy o Symbolach Narodowych na Stulecie Niepodleg\u0142o\u015bci"},"content":{"rendered":"<div class='fotorama--wp' data-ids='10572,10573,10574'data-link='file'data-itemtag='dl'data-icontag='dt'data-captiontag='dd'data-columns='0'data-size='large'data-width='750'data-auto='false'data-max-width='100%'data-ratio='1.5'>\n\t\t<style type=\"text\/css\">\n\t\t\t#gallery-1 {\n\t\t\t\tmargin: auto;\n\t\t\t}\n\t\t\t#gallery-1 .gallery-item {\n\t\t\t\tfloat: left;\n\t\t\t\tmargin-top: 10px;\n\t\t\t\ttext-align: center;\n\t\t\t\twidth: 100%;\n\t\t\t}\n\t\t\t#gallery-1 img {\n\t\t\t\tborder: 2px solid #cfcfcf;\n\t\t\t}\n\t\t\t#gallery-1 .gallery-caption {\n\t\t\t\tmargin-left: 0;\n\t\t\t}\n\t\t\t\/* see gallery_shortcode() in wp-includes\/media.php *\/\n\t\t<\/style>\n\t\t<div id='gallery-1' class='gallery galleryid-10571 gallery-columns-0 gallery-size-thumbnail'><dl class='gallery-item'>\n\t\t\t<dt class='gallery-icon landscape'>\n\t\t\t\t<a href='https:\/\/zskarlino.pl\/wp-content\/uploads\/2018\/11\/46492433_2211600198850024_5834594822576406528_o.jpg' data-full='https:\/\/zskarlino.pl\/wp-content\/uploads\/2018\/11\/46492433_2211600198850024_5834594822576406528_o.jpg' rel=\"lightbox[10571]\"><img loading=\"lazy\" decoding=\"async\" width=\"150\" height=\"150\" src=\"https:\/\/zskarlino.pl\/wp-content\/uploads\/2018\/11\/46492433_2211600198850024_5834594822576406528_o-150x150.jpg\" class=\"attachment-thumbnail size-thumbnail\" alt=\"\" \/><\/a>\n\t\t\t<\/dt><\/dl><dl class='gallery-item'>\n\t\t\t<dt class='gallery-icon landscape'>\n\t\t\t\t<a href='https:\/\/zskarlino.pl\/wp-content\/uploads\/2018\/11\/46494361_2211600148850029_4334064744072740864_o.jpg' data-full='https:\/\/zskarlino.pl\/wp-content\/uploads\/2018\/11\/46494361_2211600148850029_4334064744072740864_o.jpg' rel=\"lightbox[10571]\"><img loading=\"lazy\" decoding=\"async\" width=\"150\" height=\"150\" src=\"https:\/\/zskarlino.pl\/wp-content\/uploads\/2018\/11\/46494361_2211600148850029_4334064744072740864_o-150x150.jpg\" class=\"attachment-thumbnail size-thumbnail\" alt=\"\" \/><\/a>\n\t\t\t<\/dt><\/dl><dl class='gallery-item'>\n\t\t\t<dt class='gallery-icon landscape'>\n\t\t\t\t<a href='https:\/\/zskarlino.pl\/wp-content\/uploads\/2018\/11\/46513301_2211600075516703_7347261288952627200_o.jpg' data-full='https:\/\/zskarlino.pl\/wp-content\/uploads\/2018\/11\/46513301_2211600075516703_7347261288952627200_o.jpg' rel=\"lightbox[10571]\"><img loading=\"lazy\" decoding=\"async\" width=\"150\" height=\"150\" src=\"https:\/\/zskarlino.pl\/wp-content\/uploads\/2018\/11\/46513301_2211600075516703_7347261288952627200_o-150x150.jpg\" class=\"attachment-thumbnail size-thumbnail\" alt=\"\" \/><\/a>\n\t\t\t<\/dt><\/dl>\n\t\t<\/div>\n<\/div>\n<p style=\"text-align: justify;\"><span class=\" _2iem\">\u015awi\u0119towanie odzyskania niepodleg\u0142o\u015bci nie ko\u0144czy si\u0119 11 listopada. W Zespole Szk\u00f3\u0142 w Karlinie zabaw\u0105, \u015bpiewem i wiedz\u0105 m\u0142odzie\u017c potwierdzi\u0142a swoje przywi\u0105zanie do tradycji. M\u0142odzi z gminy Karlino reprezentuj\u0105cy Szko\u0142y Podstawowe w Kar\u015bcinie, Daszewie oraz w Karlinie, jak i Gimnazjali\u015bci klas III skorzystali z zaproszenia i wzi\u0119li udzia\u0142 w dwugodzinnej zabawie niepodleg\u0142o\u015bciowej. Uczestnicy rozwi\u0105zywali test wiedzy, malowali d\u0142oni\u0105 god\u0142o, \u015bpiewali fragment Hymnu Polski oraz uk\u0142adali puzzle z herbami. W czasie trwania konkursu, przy akompaniamencie Pani Doroty Muszy\u0144skiej, \u015bpiewali\u015bmy wsp\u00f3lnie piosenki patriotyczne. Zabawa by\u0142a przednia, a wiedza uczestnik\u00f3w ogromna. Pomys\u0142odawcami konkursu byli nauczyciele ZS pani Marzena Czarnas i pan Ireneusz Tyborski. Zwyci\u0119zcami zmaga\u0144 (po dogrywce) zostali reprezentanci Szko\u0142y Podstawowej w Karlinie. Drugie miejsce zaj\u0119\u0142a klasa III C Gimnazjum w Karlinie. Miejsce trzecie klasa III D Gimnazjum w Karlinie. Na zako\u0144czenie uczniowie mieli mo\u017cliwo\u015b\u0107 zwiedzi\u0107 internat przy ZS oraz sale dydaktyczne. Wszystkim Uczestnikom oraz Opiekunom bardzo dzi\u0119kujemy za przybycie. M\u0142odzie\u017cy za \u015bwietn\u0105 zabaw\u0119. <\/span><\/p>\n<p style=\"text-align: justify;\"><span style=\"color: #ff0000;\"><strong>Po wi\u0119cej zdj\u0119\u0107 zapraszamy na fanpage szko\u0142y na Facebooku (<a href=\"https:\/\/www.facebook.com\/media\/set\/?set=a.2211598412183536&amp;type=1&amp;l=72aaf79058\" target=\"_blank\" rel=\"noopener\">TUTAJ<\/a>)<\/strong><\/span><\/p>\n<p style=\"text-align: right;\"><span class=\" _2iem\">Opiekunowie: Marzena Czarnas, Ireneusz Tyborski<\/span><\/p>\n","protected":false},"excerpt":{"rendered":"<p>\u015awi\u0119towanie odzyskania niepodleg\u0142o\u015bci nie ko\u0144czy si\u0119 11 listopada. W Zespole Szk\u00f3\u0142 w Karlinie zabaw\u0105, \u015bpiewem i wiedz\u0105 m\u0142odzie\u017c potwierdzi\u0142a swoje przywi\u0105zanie do tradycji. M\u0142odzi z gminy Karlino reprezentuj\u0105cy Szko\u0142y Podstawowe w Kar\u015bcinie, Daszewie oraz w Karlinie, jak i Gimnazjali\u015bci klas III skorzystali z zaproszenia i wzi\u0119li udzia\u0142 w dwugodzinnej zabawie niepodleg\u0142o\u015bciowej. Uczestnicy rozwi\u0105zywali test wiedzy, &hellip; <\/p>\n<p><a class=\"more-link btn\" href=\"https:\/\/zskarlino.pl\/?p=10571\">Czytaj dalej<\/a><\/p>\n","protected":false},"author":6,"featured_media":0,"comment_status":"closed","ping_status":"closed","sticky":false,"template":"","format":"standard","meta":{"footnotes":""},"categories":[3],"tags":[],"class_list":["post-10571","post","type-post","status-publish","format-standard","hentry","category-wydarzenia","item-wrap"],"_links":{"self":[{"href":"https:\/\/zskarlino.pl\/index.php?rest_route=\/wp\/v2\/posts\/10571","targetHints":{"allow":["GET"]}}],"collection":[{"href":"https:\/\/zskarlino.pl\/index.php?rest_route=\/wp\/v2\/posts"}],"about":[{"href":"https:\/\/zskarlino.pl\/index.php?rest_route=\/wp\/v2\/types\/post"}],"author":[{"embeddable":true,"href":"https:\/\/zskarlino.pl\/index.php?rest_route=\/wp\/v2\/users\/6"}],"replies":[{"embeddable":true,"href":"https:\/\/zskarlino.pl\/index.php?rest_route=%2Fwp%2Fv2%2Fcomments&post=10571"}],"version-history":[{"count":1,"href":"https:\/\/zskarlino.pl\/index.php?rest_route=\/wp\/v2\/posts\/10571\/revisions"}],"predecessor-version":[{"id":10575,"href":"https:\/\/zskarlino.pl\/index.php?rest_route=\/wp\/v2\/posts\/10571\/revisions\/10575"}],"wp:attachment":[{"href":"https:\/\/zskarlino.pl\/index.php?rest_route=%2Fwp%2Fv2%2Fmedia&parent=10571"}],"wp:term":[{"taxonomy":"category","embeddable":true,"href":"https:\/\/zskarlino.pl\/index.php?rest_route=%2Fwp%2Fv2%2Fcategories&post=10571"},{"taxonomy":"post_tag","embeddable":true,"href":"https:\/\/zskarlino.pl\/index.php?rest_route=%2Fwp%2Fv2%2Ftags&post=10571"}],"curies":[{"name":"wp","href":"https:\/\/api.w.org\/{rel}","templated":true}]}}